{"id":97,"date":"2026-08-31T12:24:25","date_gmt":"2026-08-31T12:24:25","guid":{"rendered":"https:\/\/labelvtc.fr\/blog\/journee-chauffeur-paris-budget\/"},"modified":"2026-08-31T12:24:25","modified_gmt":"2026-08-31T12:24:25","slug":"journee-chauffeur-paris-budget","status":"publish","type":"post","link":"https:\/\/labelvtc.fr\/blog\/journee-chauffeur-paris-budget\/","title":{"rendered":"Une journ\u00e9e enti\u00e8re avec chauffeur \u00e0 Paris : budget r\u00e9el"},"content":{"rendered":"<p class=\"wp-block-paragraph\">Pour une <strong>journ\u00e9e enti\u00e8re<\/strong> avec <strong>chauffeur priv\u00e9<\/strong> \u00e0 Paris, le budget publi\u00e9 en 2026 se situe entre <strong>300 \u20ac et 900 \u20ac<\/strong> pour 8 \u00e0 10 heures, selon la cat\u00e9gorie du v\u00e9hicule, le nombre de passagers et le p\u00e9rim\u00e8tre r\u00e9el des d\u00e9placements. Ce montant doit pr\u00e9ciser l\u2019attente, les kilom\u00e8tres et les \u00e9ventuels d\u00e9passements d\u2019horaire.<\/p>\n\n<p class=\"wp-block-paragraph\">Les points forts du budget \u00e0 contr\u00f4ler sont les suivants.<\/p>\n\n<ul class=\"wp-block-list\"><\/ul>\n\n<p class=\"wp-block-paragraph\">Les rep\u00e8res ci-dessous concernent un <strong>d\u00e9placement urbain<\/strong> ou francilien sur une date unique, avec chauffeur et v\u00e9hicule r\u00e9serv\u00e9s pour la m\u00eame personne ou le m\u00eame groupe. Les transferts longue distance hors \u00cele-de-France, les prestations de nuit prolong\u00e9es et les autocars ne sont pas int\u00e9gr\u00e9s au calcul.<\/p>\n\n<div id=\"ez-toc-container\" class=\"ez-toc-v2_0_87 counter-hierarchy ez-toc-counter ez-toc-grey ez-toc-container-direction\">\n<div class=\"ez-toc-title-container\">\n<p class=\"ez-toc-title\" style=\"cursor:inherit\">Sommaire<\/p>\n<span class=\"ez-toc-title-toggle\"><a href=\"#\" class=\"ez-toc-pull-right ez-toc-btn ez-toc-btn-xs ez-toc-btn-default ez-toc-toggle\" aria-label=\"Toggle Table of Content\"><span class=\"ez-toc-js-icon-con\"><span class=\"\"><span class=\"eztoc-hide\" style=\"display:none;\">Toggle<\/span><span class=\"ez-toc-icon-toggle-span\"><svg style=\"fill: #999;color:#999\" xmlns=\"http:\/\/www.w3.org\/2000\/svg\" class=\"list-377408\" width=\"20px\" height=\"20px\" viewBox=\"0 0 24 24\" fill=\"none\"><path d=\"M6 6H4v2h2V6zm14 0H8v2h12V6zM4 11h2v2H4v-2zm16 0H8v2h12v-2zM4 16h2v2H4v-2zm16 0H8v2h12v-2z\" fill=\"currentColor\"><\/path><\/svg><svg style=\"fill: #999;color:#999\" class=\"arrow-unsorted-368013\" xmlns=\"http:\/\/www.w3.org\/2000\/svg\" width=\"10px\" height=\"10px\" viewBox=\"0 0 24 24\" version=\"1.2\" baseProfile=\"tiny\"><path d=\"M18.2 9.3l-6.2-6.3-6.2 6.3c-.2.2-.3.4-.3.7s.1.5.3.7c.2.2.4.3.7.3h11c.3 0 .5-.1.7-.3.2-.2.3-.5.3-.7s-.1-.5-.3-.7zM5.8 14.7l6.2 6.3 6.2-6.3c.2-.2.3-.5.3-.7s-.1-.5-.3-.7c-.2-.2-.4-.3-.7-.3h-11c-.3 0-.5.1-.7.3-.2.2-.3.5-.3.7s.1.5.3.7z\"\/><\/svg><\/span><\/span><\/span><\/a><\/span><\/div>\n<nav><ul class='ez-toc-list ez-toc-list-level-1 eztoc-toggle-hide-by-default' ><li class='ez-toc-page-1 ez-toc-heading-level-2'><a class=\"ez-toc-link ez-toc-heading-1\" href=\"https:\/\/labelvtc.fr\/blog\/journee-chauffeur-paris-budget\/#Quel_budget_reel_prevoir_pour_une_journee_entiere_avec_chauffeur_a_Paris\" >Quel budget r\u00e9el pr\u00e9voir pour une journ\u00e9e enti\u00e8re avec chauffeur \u00e0 Paris ?<\/a><\/li><li class='ez-toc-page-1 ez-toc-heading-level-2'><a class=\"ez-toc-link ez-toc-heading-2\" href=\"https:\/\/labelvtc.fr\/blog\/journee-chauffeur-paris-budget\/#Comment_se_construit_le_cout_journee_chauffeur_entre_huit_et_dix_heures\" >Comment se construit le co\u00fbt journ\u00e9e chauffeur entre huit et dix heures ?<\/a><\/li><li class='ez-toc-page-1 ez-toc-heading-level-2'><a class=\"ez-toc-link ez-toc-heading-3\" href=\"https:\/\/labelvtc.fr\/blog\/journee-chauffeur-paris-budget\/#Quand_la_mise_a_disposition_coute-t-elle_moins_que_plusieurs_trajets_separes\" >Quand la mise \u00e0 disposition co\u00fbte-t-elle moins que plusieurs trajets s\u00e9par\u00e9s ?<\/a><\/li><li class='ez-toc-page-1 ez-toc-heading-level-2'><a class=\"ez-toc-link ez-toc-heading-4\" href=\"https:\/\/labelvtc.fr\/blog\/journee-chauffeur-paris-budget\/#Quels_frais_peuvent_sajouter_au_budget_reel_dun_chauffeur_prive_a_Paris\" >Quels frais peuvent s\u2019ajouter au budget r\u00e9el d\u2019un chauffeur priv\u00e9 \u00e0 Paris ?<\/a><\/li><li class='ez-toc-page-1 ez-toc-heading-level-2'><a class=\"ez-toc-link ez-toc-heading-5\" href=\"https:\/\/labelvtc.fr\/blog\/journee-chauffeur-paris-budget\/#Comment_reserver_une_journee_avec_chauffeur_sans_laisser_le_tarif_deriver\" >Comment r\u00e9server une journ\u00e9e avec chauffeur sans laisser le tarif d\u00e9river ?<\/a><\/li><\/ul><\/nav><\/div>\n<h2 class=\"wp-block-heading\"><span class=\"ez-toc-section\" id=\"Quel_budget_reel_prevoir_pour_une_journee_entiere_avec_chauffeur_a_Paris\"><\/span>Quel budget r\u00e9el pr\u00e9voir pour une journ\u00e9e enti\u00e8re avec chauffeur \u00e0 Paris ?<span class=\"ez-toc-section-end\"><\/span><\/h2>\n\n<p class=\"wp-block-paragraph\">Le point de d\u00e9part reste simple. Une mise \u00e0 disposition de huit \u00e0 dix heures immobilise un v\u00e9hicule et un conducteur sur une amplitude pr\u00e9cise. Le prix ne correspond donc pas \u00e0 la seule distance parcourue. Il couvre la disponibilit\u00e9 entre les rendez-vous, les temps d\u2019approche, les d\u00e9tours d\u00e9cid\u00e9s dans la journ\u00e9e et la contrainte de garder le v\u00e9hicule mobilisable \u00e0 chaque sortie.<\/p>\n\n<p class=\"wp-block-paragraph\">Les donn\u00e9es tarifaires communiqu\u00e9es pour ce type de prestation en <strong>2026<\/strong> placent une journ\u00e9e compl\u00e8te entre <strong>300 \u20ac et 900 \u20ac<\/strong>. Cette amplitude est large parce qu\u2019elle m\u00e9lange des configurations tr\u00e8s diff\u00e9rentes. Une berline affect\u00e9e \u00e0 un passager entre un h\u00f4tel du 8e arrondissement, La D\u00e9fense et Saint-Germain-des-Pr\u00e9s ne produit pas la m\u00eame facture qu\u2019un van de sept places suivant une d\u00e9l\u00e9gation entre Roissy, le centre de Paris et Versailles.<\/p>\n\n<p class=\"wp-block-paragraph\">Un montant proche de <strong>300 \u20ac<\/strong> correspond g\u00e9n\u00e9ralement \u00e0 une journ\u00e9e courte, avec une berline, peu de kilom\u00e8tres et un itin\u00e9raire concentr\u00e9 dans Paris intra-muros. Ce niveau n\u2019a de sens que si l\u2019offre indique une dur\u00e9e ferme. Une disponibilit\u00e9 de huit heures factur\u00e9e sur cette base devient insuffisante d\u00e8s que le d\u00e9part est avanc\u00e9, que le dernier rendez-vous finit tard ou que plusieurs bagages imposent une cat\u00e9gorie sup\u00e9rieure.<\/p>\n\n<p class=\"wp-block-paragraph\">Un budget compris entre <strong>450 \u20ac et 650 \u20ac<\/strong> correspond plus souvent \u00e0 une journ\u00e9e de travail dense. Le v\u00e9hicule peut encha\u00eener une prise en charge matinale dans le 16e arrondissement, deux rendez-vous \u00e0 La D\u00e9fense, un d\u00e9jeuner dans le 1er arrondissement et une d\u00e9pose en fin d\u2019apr\u00e8s-midi \u00e0 la gare de Lyon. Dans cette zone de prix, la valeur tient moins au nombre de kilom\u00e8tres qu\u2019\u00e0 l\u2019absence de rupture entre les \u00e9tapes. Le v\u00e9hicule attend, repart et se repositionne sans nouvelle commande.<\/p>\n\n<p class=\"wp-block-paragraph\">Le plafond de <strong>900 \u20ac<\/strong> est coh\u00e9rent avec une grande berline ou un van, une amplitude proche de dix heures et des d\u00e9placements plus \u00e9tendus en \u00cele-de-France. Une arriv\u00e9e au terminal 2E de Paris-Charles-de-Gaulle, suivie d\u2019arr\u00eats \u00e0 Paris, \u00e0 Boulogne-Billancourt puis \u00e0 Orly 4, mobilise une journ\u00e9e qui ne peut pas \u00eatre compar\u00e9e \u00e0 une pr\u00e9sence limit\u00e9e aux arrondissements centraux.<\/p>\n\n<p class=\"wp-block-paragraph\">Le terme <strong>transport de luxe<\/strong> appara\u00eet souvent dans les offres commerciales. Il ne renseigne pas le lecteur sur le co\u00fbt journ\u00e9e chauffeur. La seule information utile reste celle qui figure sur le document de r\u00e9servation. Elle doit distinguer la dur\u00e9e incluse, la cat\u00e9gorie pr\u00e9vue, le p\u00e9rim\u00e8tre g\u00e9ographique et les frais laiss\u00e9s hors forfait. Sans ces quatre lignes, le prix affich\u00e9 ne permet pas de comparer deux propositions.<\/p>\n\n<p class=\"wp-block-paragraph\">Une location voiture avec chauffeur \u00e0 la journ\u00e9e devient pertinente lorsque les arr\u00eats sont nombreux ou mouvants. Elle l\u2019est moins pour un d\u00e9part unique vers un a\u00e9roport et un retour le soir. Dans ce second cas, deux ou trois trajets r\u00e9serv\u00e9s s\u00e9par\u00e9ment donnent souvent un total plus lisible, m\u00eame si le confort d\u2019organisation est diff\u00e9rent.<\/p>\n\n<p class=\"wp-block-paragraph\">Le budget ne se juge donc pas sur un tarif journalier isol\u00e9. Il se juge sur le nombre d\u2019heures r\u00e9ellement bloqu\u00e9es et sur la zone o\u00f9 le v\u00e9hicule doit rester disponible.<\/p>\n\n<h2 class=\"wp-block-heading\"><span class=\"ez-toc-section\" id=\"Comment_se_construit_le_cout_journee_chauffeur_entre_huit_et_dix_heures\"><\/span>Comment se construit le co\u00fbt journ\u00e9e chauffeur entre huit et dix heures ?<span class=\"ez-toc-section-end\"><\/span><\/h2>\n\n<p class=\"wp-block-paragraph\">Le co\u00fbt d\u2019une journ\u00e9e compl\u00e8te repose sur quatre \u00e9l\u00e9ments v\u00e9rifiables. La dur\u00e9e r\u00e9serv\u00e9e vient en premier. Une formule annonc\u00e9e pour huit heures ne couvre pas automatiquement dix heures. Les deux heures suppl\u00e9mentaires peuvent \u00eatre pr\u00e9vues \u00e0 l\u2019avance, tarif\u00e9es s\u00e9par\u00e9ment ou soumises \u00e0 une nouvelle validation. Cette diff\u00e9rence m\u00e9rite d\u2019\u00eatre \u00e9crite avant le d\u00e9part, surtout lorsque le premier rendez-vous commence t\u00f4t et que le d\u00eener final n\u2019a pas d\u2019heure de fin ferme.<\/p>\n\n<p class=\"wp-block-paragraph\">La cat\u00e9gorie de v\u00e9hicule vient ensuite. Une berline convient habituellement \u00e0 un \u00e0 trois passagers avec bagages en soute. Un van r\u00e9pond \u00e0 une autre contrainte. Il transporte quatre \u00e0 sept passagers, davantage de valises et parfois du mat\u00e9riel professionnel. Comparer le prix d\u2019une berline avec celui d\u2019un van n\u2019apporte aucun rep\u00e8re s\u00e9rieux, car le v\u00e9hicule immobilis\u00e9 et le volume de bagages ne sont pas les m\u00eames.<\/p>\n\n<p class=\"wp-block-paragraph\">Le troisi\u00e8me poste concerne les kilom\u00e8tres et le p\u00e9rim\u00e8tre. Certaines offres de journ\u00e9e annoncent une circulation sans limite en \u00cele-de-France. D\u2019autres fixent un nombre de kilom\u00e8tres ou excluent les sorties longues. Un passage \u00e0 Versailles, au Bourget, \u00e0 Saint-Denis ou \u00e0 l\u2019a\u00e9roport d\u2019Orly doit donc appara\u00eetre dans le brief transmis avant la confirmation. Une journ\u00e9e pr\u00e9sent\u00e9e comme parisienne peut basculer vers une autre tarification si l\u2019itin\u00e9raire s\u2019\u00e9tend jusqu\u2019\u00e0 la grande couronne.<\/p>\n\n<p class=\"wp-block-paragraph\">Les frais annexes forment le quatri\u00e8me poste. Les p\u00e9ages, le stationnement, les droits d\u2019acc\u00e8s et certains parkings a\u00e9roportuaires peuvent \u00eatre inclus ou ajout\u00e9s au montant principal. Le carburant est souvent compris dans une mise \u00e0 disposition, mais cette mention doit rester explicite. Un document qui annonce seulement un v\u00e9hicule et un chauffeur laisse une zone d\u2019incertitude sur les d\u00e9penses qui surviennent entre deux \u00e9tapes.<\/p>\n\n<p class=\"wp-block-paragraph\">Le tableau suivant reprend les rep\u00e8res tarifaires publi\u00e9s pour une r\u00e9servation \u00e0 la journ\u00e9e en 2026. Il ne s\u2019agit pas d\u2019un relev\u00e9 de plateformes en temps r\u00e9el. Il sert \u00e0 v\u00e9rifier la coh\u00e9rence d\u2019un devis re\u00e7u pour une journ\u00e9e unique.<\/p>\n\n<figure class=\"wp-block-table\"><table>\n<thead>\n<tr>\n<th>Configuration r\u00e9serv\u00e9e<\/th>\n<th>Dur\u00e9e annonc\u00e9e<\/th>\n<th>Budget publi\u00e9 en 2026<\/th>\n<th>Usage coh\u00e9rent<\/th>\n<th>Dur\u00e9e porte-\u00e0-porte \u00e0 contr\u00f4ler<\/th>\n<th>Date de r\u00e9f\u00e9rence<\/th>\n<\/tr>\n<\/thead>\n<tbody>\n<tr>\n<td>Berline, un \u00e0 trois passagers<\/td>\n<td>8 heures<\/td>\n<td><strong>300 \u20ac \u00e0 500 \u20ac<\/strong><\/td>\n<td>Rendez-vous concentr\u00e9s dans Paris<\/td>\n<td>Heure de d\u00e9but et heure de d\u00e9pose finale<\/td>\n<td><strong>2026<\/strong><\/td>\n<\/tr>\n<tr>\n<td>Berline, un \u00e0 trois passagers<\/td>\n<td>8 \u00e0 10 heures<\/td>\n<td><strong>450 \u20ac \u00e0 650 \u20ac<\/strong><\/td>\n<td>Agenda Paris et petite couronne<\/td>\n<td>Inclure les temps d\u2019attente entre \u00e9tapes<\/td>\n<td><strong>2026<\/strong><\/td>\n<\/tr>\n<tr>\n<td>Van, quatre \u00e0 sept passagers<\/td>\n<td>8 \u00e0 10 heures<\/td>\n<td><strong>600 \u20ac \u00e0 900 \u20ac<\/strong><\/td>\n<td>Groupe avec bagages ou mat\u00e9riel<\/td>\n<td>Pr\u00e9voir chargement et d\u00e9chargement<\/td>\n<td><strong>2026<\/strong><\/td>\n<\/tr>\n<\/tbody>\n<\/table><\/figure>\n\n<p class=\"wp-block-paragraph\">La m\u00e9thode de comparaison doit rester constante. Le m\u00eame jour-type, la m\u00eame amplitude, le m\u00eame nombre de passagers et le m\u00eame p\u00e9rim\u00e8tre doivent \u00eatre transmis \u00e0 chaque op\u00e9rateur. Les promotions ponctuelles, les hausses instantan\u00e9es d\u2019application et les options ajout\u00e9es apr\u00e8s r\u00e9servation ne sont pas mesur\u00e9es dans ce tableau.<\/p>\n\n<p class=\"wp-block-paragraph\">Un service personnalis\u00e9 peut \u00eatre utile lorsqu\u2019un agenda change pendant la journ\u00e9e. Il ne remplace pas une ligne de devis sur le d\u00e9passement horaire. Une modification d\u2019itin\u00e9raire est facile \u00e0 absorber. Une pr\u00e9sence qui passe de huit \u00e0 onze heures modifie le co\u00fbt de mani\u00e8re beaucoup plus nette.<\/p>\n\n<figure class=\"is-provider-youtube is-type-video wp-block-embed wp-block-embed-youtube wp-embed-aspect-16-9 wp-has-aspect-ratio\"><div class=\"wp-block-embed__wrapper\">\n<iframe loading=\"lazy\" title=\"Une journ\u00e9e avec #24 : un conducteur de bus (d\u00e9couverte m\u00e9tier)\" width=\"500\" height=\"281\" src=\"https:\/\/www.youtube.com\/embed\/NzzZ5z4-K_g?feature=oembed\" frameborder=\"0\" allow=\"accelerometer; autoplay; clipboard-write; encrypted-media; gyroscope; picture-in-picture; web-share\" referrerpolicy=\"strict-origin-when-cross-origin\" allowfullscreen><\/iframe>\n<\/div><\/figure>\n\n<p class=\"wp-block-paragraph\">La construction du prix devient lisible lorsque chaque heure, chaque zone et chaque v\u00e9hicule sont inscrits avant la prise en charge.<\/p>\n\n<h2 class=\"wp-block-heading\"><span class=\"ez-toc-section\" id=\"Quand_la_mise_a_disposition_coute-t-elle_moins_que_plusieurs_trajets_separes\"><\/span>Quand la mise \u00e0 disposition co\u00fbte-t-elle moins que plusieurs trajets s\u00e9par\u00e9s ?<span class=\"ez-toc-section-end\"><\/span><\/h2>\n\n<p class=\"wp-block-paragraph\">La mise \u00e0 disposition ne doit pas \u00eatre choisie par r\u00e9flexe. Elle devient rationnelle lorsque le programme contient au moins quatre d\u00e9placements courts, plusieurs attentes et un horaire mouvant. Une journ\u00e9e avec un d\u00e9part d\u2019h\u00f4tel, deux r\u00e9unions, un d\u00e9jeuner, une visite de site, un passage \u00e0 la gare et une d\u00e9pose finale produit des temps morts difficiles \u00e0 facturer correctement avec des r\u00e9servations s\u00e9par\u00e9es.<\/p>\n\n<p class=\"wp-block-paragraph\">Le calcul commence par la dur\u00e9e totale de pr\u00e9sence requise. Un premier d\u00e9part \u00e0 8 h 30 et une derni\u00e8re d\u00e9pose \u00e0 17 h 30 repr\u00e9sentent neuf heures de mobilisation. Si les rendez-vous durent chacun une heure ou davantage, un v\u00e9hicule command\u00e9 \u00e0 chaque sortie peut sembler moins co\u00fbteux. Cette lecture oublie le temps de commande, l\u2019incertitude sur la disponibilit\u00e9 et le risque de devoir choisir un v\u00e9hicule diff\u00e9rent au fil de la journ\u00e9e.<\/p>\n\n<p class=\"wp-block-paragraph\">\u00c0 l\u2019inverse, deux d\u00e9placements longs seulement ne justifient pas une journ\u00e9e enti\u00e8re. Un trajet entre un h\u00f4tel pr\u00e8s de la place Vend\u00f4me et le terminal 1 de Paris-Charles-de-Gaulle le matin, puis un retour vers Paris le soir, reste g\u00e9n\u00e9ralement plus clair en deux r\u00e9servations. La disponibilit\u00e9 du v\u00e9hicule pendant six ou sept heures d\u2019absence ne cr\u00e9e pas de valeur pratique suffisante pour absorber une mise \u00e0 disposition.<\/p>\n\n<p class=\"wp-block-paragraph\">Le point de bascule se situe souvent autour de trois ou quatre \u00e9tapes avec attentes. Il ne se calcule pas seulement en kilom\u00e8tres. Il faut additionner les montants des r\u00e9servations s\u00e9par\u00e9es, les d\u00e9lais entre chaque commande et les marges n\u00e9cessaires pour arriver \u00e0 l\u2019heure. Lorsque ce total s\u2019approche du forfait journalier, la mise \u00e0 disposition devient plus simple \u00e0 piloter. Lorsque les rendez-vous sont fixes et \u00e9loign\u00e9s les uns des autres, la comparaison doit inclure le co\u00fbt de l\u2019immobilisation.<\/p>\n\n<p class=\"wp-block-paragraph\">Une visite guid\u00e9e priv\u00e9e ajoute une contrainte particuli\u00e8re. Le chauffeur assure le transport, les acc\u00e8s et l\u2019attente, mais la m\u00e9diation culturelle peut relever d\u2019un guide distinct. Un budget qui m\u00e9lange ces deux prestations doit s\u00e9parer les lignes. Le v\u00e9hicule \u00e0 disposition et l\u2019accompagnement touristique ne r\u00e9pondent pas au m\u00eame besoin, ni au m\u00eame tarif.<\/p>\n\n<p class=\"wp-block-paragraph\">Les journ\u00e9es de d\u00e9placements professionnels offrent un cas fr\u00e9quent. Un v\u00e9hicule pris \u00e0 9 h devant un h\u00f4tel du 9e arrondissement, attendu jusqu\u2019\u00e0 11 h pr\u00e8s de Porte de Versailles, puis appel\u00e9 \u00e0 13 h pour La D\u00e9fense et maintenu jusqu\u2019\u00e0 une d\u00e9pose \u00e0 18 h \u00e0 Montparnasse, reste actif pendant neuf heures. Dans ce cas, les r\u00e9servations successives cr\u00e9ent des zones de rupture. Le v\u00e9hicule disponible supprime cette contrainte, mais le devis doit pr\u00e9voir noir sur blanc le stationnement \u00e9ventuel autour des sites concern\u00e9s.<\/p>\n\n<p class=\"wp-block-paragraph\">Les journ\u00e9es comportant un trajet nocturne demandent un contr\u00f4le s\u00e9par\u00e9. Le prix d\u2019un <a href=\"https:\/\/labelvtc.fr\/blog\/tarif-vtc-nuit-paris\/\">VTC de nuit \u00e0 Paris<\/a> ne peut pas \u00eatre transpos\u00e9 automatiquement \u00e0 une formule de journ\u00e9e. Le cr\u00e9neau de fin, la disponibilit\u00e9 r\u00e9elle du v\u00e9hicule et la r\u00e8gle de d\u00e9passement appliqu\u00e9e \u00e0 la r\u00e9servation changent l\u2019\u00e9quation.<\/p>\n\n<p class=\"wp-block-paragraph\">La bonne comparaison oppose donc des prestations compl\u00e8tes. Additionner seulement les kilom\u00e8tres ou les prix d\u2019appel revient \u00e0 retirer l\u2019attente, alors qu\u2019elle constitue pr\u00e9cis\u00e9ment la valeur factur\u00e9e dans une journ\u00e9e compl\u00e8te.<\/p>\n\n<h2 class=\"wp-block-heading\"><span class=\"ez-toc-section\" id=\"Quels_frais_peuvent_sajouter_au_budget_reel_dun_chauffeur_prive_a_Paris\"><\/span>Quels frais peuvent s\u2019ajouter au budget r\u00e9el d\u2019un chauffeur priv\u00e9 \u00e0 Paris ?<span class=\"ez-toc-section-end\"><\/span><\/h2>\n\n<p class=\"wp-block-paragraph\">Les frais suppl\u00e9mentaires ne sont pas forc\u00e9ment impr\u00e9vus. Ils deviennent impr\u00e9visibles lorsque le devis utilise une formule g\u00e9n\u00e9rale sans d\u00e9tailler les exclusions. Une prestation \u00e0 la journ\u00e9e peut annoncer kilom\u00e8tres, attente et carburant inclus, puis laisser les p\u00e9ages, parkings et prolongations hors du prix affich\u00e9. Cette pr\u00e9sentation n\u2019est pas comparable \u00e0 une offre qui int\u00e8gre r\u00e9ellement toutes les d\u00e9penses de circulation.<\/p>\n\n<p class=\"wp-block-paragraph\">Le stationnement constitue le premier point \u00e0 examiner. Un rendez-vous de trente minutes devant un restaurant du 8e arrondissement ne pose pas les m\u00eames contraintes qu\u2019une attente de deux heures pr\u00e8s d\u2019un salon professionnel \u00e0 la Porte de Versailles. Les zones de d\u00e9pose-minute, les parkings priv\u00e9s et les parkings d\u2019h\u00f4tels suivent leurs propres tarifs. L\u2019op\u00e9rateur doit pr\u00e9ciser si ces frais sont avanc\u00e9s puis refactur\u00e9s, ou s\u2019ils sont compris dans le forfait journalier.<\/p>\n\n<p class=\"wp-block-paragraph\">Les a\u00e9roports modifient aussi le budget. Une prise en charge au terminal 2E, au terminal 1 ou \u00e0 Orly 4 peut n\u00e9cessiter un acc\u00e8s de stationnement et un d\u00e9lai d\u2019attente plus long qu\u2019une adresse parisienne. L\u2019horaire du vol doit \u00eatre communiqu\u00e9, de m\u00eame que le nombre de bagages. Pour un trajet vers Beauvais-Till\u00e9, le prix de la route et la dur\u00e9e immobilis\u00e9e sont d\u2019un autre ordre qu\u2019un d\u00e9placement urbain. Le d\u00e9tail du <a href=\"https:\/\/labelvtc.fr\/blog\/paris-beauvais-transfert-coute\/\">co\u00fbt d\u2019un transfert Paris\u2013Beauvais<\/a> permet de distinguer ce trajet sp\u00e9cifique d\u2019une journ\u00e9e limit\u00e9e \u00e0 l\u2019\u00cele-de-France.<\/p>\n\n<p class=\"wp-block-paragraph\">Les p\u00e9ages doivent \u00eatre mentionn\u00e9s avec la zone couverte. Un aller-retour vers l\u2019a\u00e9roport, Versailles ou certaines destinations de grande couronne peut faire appara\u00eetre des frais que le lecteur ne rencontre jamais lors d\u2019un trajet entre Bastille et la porte Maillot. Le terme \u00ab tout inclus \u00bb doit donc \u00eatre rapproch\u00e9 d\u2019une liste concr\u00e8te. Une phrase commerciale ne vaut pas une ventilation d\u00e9taill\u00e9e.<\/p>\n\n<p class=\"wp-block-paragraph\">Les bagages et les passagers peuvent imposer un changement de cat\u00e9gorie. Trois passagers avec trois valises cabine ne demandent pas le m\u00eame volume que trois passagers avec trois grandes valises, deux housses et un si\u00e8ge enfant. Une berline peut \u00eatre confirm\u00e9e pour le premier cas et devenir inadapt\u00e9e au second. Le surco\u00fbt ne vient pas d\u2019un suppl\u00e9ment arbitraire. Il vient du v\u00e9hicule n\u00e9cessaire pour que la journ\u00e9e se d\u00e9roule sans transfert de bagages ni seconde voiture.<\/p>\n\n<p class=\"wp-block-paragraph\">Les demandes de coordination avec un h\u00f4tel, un restaurant ou un assistant peuvent \u00eatre incluses dans un service personnalis\u00e9. Elles restent utiles quand les acc\u00e8s changent et que les rendez-vous se d\u00e9calent. Elles ne doivent toutefois pas faire oublier l\u2019\u00e9l\u00e9ment facturable. Le budget se contr\u00f4le sur la mise \u00e0 disposition, les horaires et les frais de circulation, pas sur une formule de confort.<\/p>\n\n<figure class=\"is-provider-youtube is-type-video wp-block-embed wp-block-embed-youtube wp-embed-aspect-16-9 wp-has-aspect-ratio\"><div class=\"wp-block-embed__wrapper\">\n<iframe loading=\"lazy\" title=\"Une nuit avec un chauffeur VTC !\" width=\"500\" height=\"281\" src=\"https:\/\/www.youtube.com\/embed\/LNX8MwsgD8A?feature=oembed\" frameborder=\"0\" allow=\"accelerometer; autoplay; clipboard-write; encrypted-media; gyroscope; picture-in-picture; web-share\" referrerpolicy=\"strict-origin-when-cross-origin\" allowfullscreen><\/iframe>\n<\/div><\/figure>\n\n<p class=\"wp-block-paragraph\">Une feuille de route d\u00e9taill\u00e9e r\u00e9duit les \u00e9carts. Elle indique l\u2019heure de prise en charge, les adresses, les marges d\u2019attente, le nombre de bagages et la d\u00e9pose finale. Elle donne surtout \u00e0 l\u2019op\u00e9rateur les \u00e9l\u00e9ments n\u00e9cessaires pour confirmer un prix coh\u00e9rent plut\u00f4t qu\u2019un forfait incomplet.<\/p>\n\n<p class=\"wp-block-paragraph\">Les frais annexes deviennent ma\u00eetrisables d\u00e8s lors qu\u2019ils sont associ\u00e9s \u00e0 une \u00e9tape pr\u00e9cise de la journ\u00e9e et non ajout\u00e9s apr\u00e8s coup dans une ligne globale.<\/p>\n\n<h2 class=\"wp-block-heading\"><span class=\"ez-toc-section\" id=\"Comment_reserver_une_journee_avec_chauffeur_sans_laisser_le_tarif_deriver\"><\/span>Comment r\u00e9server une journ\u00e9e avec chauffeur sans laisser le tarif d\u00e9river ?<span class=\"ez-toc-section-end\"><\/span><\/h2>\n\n<p class=\"wp-block-paragraph\">La r\u00e9servation doit commencer par une amplitude pr\u00e9cise. Une formule \u00ab journ\u00e9e enti\u00e8re \u00bb ne suffit pas. Il faut indiquer l\u2019heure de d\u00e9part, l\u2019adresse de prise en charge, l\u2019heure de fin souhait\u00e9e et la derni\u00e8re destination. Un programme encore incertain peut \u00eatre transmis avec des plages horaires. Une r\u00e9union annonc\u00e9e entre 10 h et 12 h donne un cadre plus utile qu\u2019un simple intitul\u00e9 de rendez-vous.<\/p>\n\n<p class=\"wp-block-paragraph\">Le nombre de passagers et les bagages doivent \u00eatre communiqu\u00e9s dans le m\u00eame message. Cette pr\u00e9caution \u00e9vite qu\u2019une berline soit retenue pour un groupe qui n\u00e9cessite finalement un van. Pour une journ\u00e9e comprenant une arriv\u00e9e ou un d\u00e9part a\u00e9roportuaire, le terminal doit figurer dans le brief. Paris-Charles-de-Gaulle, Orly et Beauvais ne demandent ni le m\u00eame trajet, ni le m\u00eame temps de pr\u00e9sence du v\u00e9hicule.<\/p>\n\n<p class=\"wp-block-paragraph\">Le devis doit ensuite fournir une lecture compl\u00e8te. La premi\u00e8re ligne porte le prix de la mise \u00e0 disposition. La deuxi\u00e8me indique la dur\u00e9e comprise. Une troisi\u00e8me ligne doit pr\u00e9ciser le traitement des d\u00e9passements. Les frais de p\u00e9age, de parking et de stationnement doivent appara\u00eetre comme inclus ou non inclus. Une formulation qui mentionne seulement un tarif journalier ne permet pas de conna\u00eetre le budget r\u00e9el.<\/p>\n\n<p class=\"wp-block-paragraph\">La v\u00e9rification se poursuit avec les conditions d\u2019ajustement. Ajouter un arr\u00eat dans Paris ne transforme pas forc\u00e9ment la prestation. D\u00e9caler la derni\u00e8re d\u00e9pose de deux heures change l\u2019amplitude de travail. Un op\u00e9rateur s\u00e9rieux peut accepter les modifications d\u2019itin\u00e9raire, mais le lecteur doit savoir ce qu\u2019elles co\u00fbtent lorsqu\u2019elles entra\u00eenent un d\u00e9passement. L\u2019accord oral est insuffisant pour une journ\u00e9e dont le budget atteint plusieurs centaines d\u2019euros.<\/p>\n\n<p class=\"wp-block-paragraph\">La facturation m\u00e9rite le m\u00eame niveau de pr\u00e9cision. Une entreprise, une conciergerie ou un particulier ne demandent pas toujours le m\u00eame format de document. La facture doit permettre d\u2019identifier la date, le v\u00e9hicule r\u00e9serv\u00e9, la dur\u00e9e de pr\u00e9sence et les d\u00e9penses annexes. Pour une mission comprenant plusieurs adresses, une feuille de route jointe ou r\u00e9capitul\u00e9e rend la d\u00e9pense beaucoup plus compr\u00e9hensible.<\/p>\n\n<p class=\"wp-block-paragraph\">Un contrat r\u00e9current r\u00e9pond \u00e0 une autre logique. Une journ\u00e9e ponctuelle sert un besoin dat\u00e9, avec un d\u00e9but et une fin. Une pr\u00e9sence chaque semaine ou chaque mois peut donner lieu \u00e0 une n\u00e9gociation distincte, mais elle ne doit pas \u00eatre confondue avec un co\u00fbt journ\u00e9e chauffeur. M\u00e9langer les deux revient \u00e0 comparer une prestation unique avec un engagement de longue dur\u00e9e.<\/p>\n\n<p class=\"wp-block-paragraph\">La location voiture avec chauffeur reste donc une solution d\u2019organisation, pas une simple addition de trajets. Elle est adapt\u00e9e \u00e0 un agenda serr\u00e9, \u00e0 des rendez-vous mobiles et \u00e0 des attentes fr\u00e9quentes. Elle perd son int\u00e9r\u00eat financier quand le v\u00e9hicule reste inutilis\u00e9 pendant une large partie de la journ\u00e9e ou lorsque les d\u00e9placements se limitent \u00e0 deux transferts pr\u00e9vus longtemps \u00e0 l\u2019avance.<\/p>\n\n<p class=\"wp-block-paragraph\">Avant de confirmer, le document utile tient sur quelques \u00e9l\u00e9ments concrets. Il indique <strong>l\u2019horaire de d\u00e9but<\/strong>, <strong>l\u2019horaire de fin<\/strong>, <strong>la cat\u00e9gorie de v\u00e9hicule<\/strong>, <strong>le p\u00e9rim\u00e8tre de circulation<\/strong> et <strong>la r\u00e8gle appliqu\u00e9e apr\u00e8s l\u2019heure incluse<\/strong>. Cette base prot\u00e8ge le budget sans emp\u00eacher les changements n\u00e9cessaires dans Paris.<\/p>\n\n<script type=\"application\/ld+json\">\n{\"@context\":\"https:\/\/schema.org\",\"@type\":\"FAQPage\",\"mainEntity\":[{\"@type\":\"Question\",\"name\":\"Combien du2019heures couvre une journu00e9e entiu00e8re avec chauffeur privu00e9 u00e0 Paris ?\",\"acceptedAnswer\":{\"@type\":\"Answer\",\"text\":\"Une journu00e9e complu00e8te couvre gu00e9nu00e9ralement huit u00e0 dix heures consu00e9cutives. Le devis doit indiquer lu2019amplitude exacte et le prix appliquu00e9 si la derniu00e8re du00e9pose du00e9passe lu2019horaire pru00e9vu.\"}},{\"@type\":\"Question\",\"name\":\"Le kilomu00e9trage est-il compris dans une mise u00e0 disposition ?\",\"acceptedAnswer\":{\"@type\":\"Answer\",\"text\":\"Certaines offres incluent les kilomu00e8tres en u00cele-de-France, du2019autres fixent un pu00e9rimu00e8tre ou un plafond. Le document de ru00e9servation doit pru00e9ciser la zone couverte, notamment pour Versailles, les au00e9roports ou la grande couronne.\"}},{\"@type\":\"Question\",\"name\":\"Quand faut-il ru00e9server un van plutu00f4t quu2019une berline ?\",\"acceptedAnswer\":{\"@type\":\"Answer\",\"text\":\"Un van est cohu00e9rent pour quatre u00e0 sept passagers, plusieurs valises, du matu00e9riel professionnel ou un siu00e8ge enfant. Une berline convient habituellement u00e0 un u00e0 trois passagers avec bagages en soute.\"}},{\"@type\":\"Question\",\"name\":\"Les parkings et pu00e9ages sont-ils inclus dans le budget ?\",\"acceptedAnswer\":{\"@type\":\"Answer\",\"text\":\"Ils peuvent u00eatre inclus ou facturu00e9s en supplu00e9ment. La ru00e9ponse doit apparau00eetre explicitement sur le devis, avec le traitement du stationnement aux au00e9roports, dans les hu00f4tels et pru00e8s des lieux de rendez-vous.\"}}]}\n<\/script>\n<h3>Combien d\u2019heures couvre une journ\u00e9e enti\u00e8re avec chauffeur priv\u00e9 \u00e0 Paris ?<\/h3>\n<p>Une journ\u00e9e compl\u00e8te couvre g\u00e9n\u00e9ralement huit \u00e0 dix heures cons\u00e9cutives. Le devis doit indiquer l\u2019amplitude exacte et le prix appliqu\u00e9 si la derni\u00e8re d\u00e9pose d\u00e9passe l\u2019horaire pr\u00e9vu.<\/p>\n<h3>Le kilom\u00e9trage est-il compris dans une mise \u00e0 disposition ?<\/h3>\n<p>Certaines offres incluent les kilom\u00e8tres en \u00cele-de-France, d\u2019autres fixent un p\u00e9rim\u00e8tre ou un plafond. Le document de r\u00e9servation doit pr\u00e9ciser la zone couverte, notamment pour Versailles, les a\u00e9roports ou la grande couronne.<\/p>\n<h3>Quand faut-il r\u00e9server un van plut\u00f4t qu\u2019une berline ?<\/h3>\n<p>Un van est coh\u00e9rent pour quatre \u00e0 sept passagers, plusieurs valises, du mat\u00e9riel professionnel ou un si\u00e8ge enfant. Une berline convient habituellement \u00e0 un \u00e0 trois passagers avec bagages en soute.<\/p>\n<h3>Les parkings et p\u00e9ages sont-ils inclus dans le budget ?<\/h3>\n<p>Ils peuvent \u00eatre inclus ou factur\u00e9s en suppl\u00e9ment. La r\u00e9ponse doit appara\u00eetre explicitement sur le devis, avec le traitement du stationnement aux a\u00e9roports, dans les h\u00f4tels et pr\u00e8s des lieux de rendez-vous.<\/p>\n\n","protected":false},"excerpt":{"rendered":"<p>Pour une journ\u00e9e enti\u00e8re avec chauffeur priv\u00e9 \u00e0 Paris, le budget publi\u00e9 en 2026 se situe entre 300 \u20ac et 900 \u20ac pour 8 \u00e0 10 heures, selon la cat\u00e9gorie du v\u00e9hicule, le nombre de passagers et le p\u00e9rim\u00e8tre r\u00e9el des d\u00e9placements. Ce montant doit pr\u00e9ciser l\u2019attente, les kilom\u00e8tres et les \u00e9ventuels d\u00e9passements d\u2019horaire. Les [&hellip;]<\/p>\n","protected":false},"author":1,"featured_media":0,"comment_status":"open","ping_status":"closed","sticky":false,"template":"","format":"standard","meta":{"footnotes":""},"categories":[17],"tags":[],"class_list":["post-97","post","type-post","status-publish","format-standard","hentry","category-mise-a-disposition"],"_links":{"self":[{"href":"https:\/\/labelvtc.fr\/blog\/wp-json\/wp\/v2\/posts\/97","targetHints":{"allow":["GET"]}}],"collection":[{"href":"https:\/\/labelvtc.fr\/blog\/wp-json\/wp\/v2\/posts"}],"about":[{"href":"https:\/\/labelvtc.fr\/blog\/wp-json\/wp\/v2\/types\/post"}],"author":[{"embeddable":true,"href":"https:\/\/labelvtc.fr\/blog\/wp-json\/wp\/v2\/users\/1"}],"replies":[{"embeddable":true,"href":"https:\/\/labelvtc.fr\/blog\/wp-json\/wp\/v2\/comments?post=97"}],"version-history":[{"count":0,"href":"https:\/\/labelvtc.fr\/blog\/wp-json\/wp\/v2\/posts\/97\/revisions"}],"wp:attachment":[{"href":"https:\/\/labelvtc.fr\/blog\/wp-json\/wp\/v2\/media?parent=97"}],"wp:term":[{"taxonomy":"category","embeddable":true,"href":"https:\/\/labelvtc.fr\/blog\/wp-json\/wp\/v2\/categories?post=97"},{"taxonomy":"post_tag","embeddable":true,"href":"https:\/\/labelvtc.fr\/blog\/wp-json\/wp\/v2\/tags?post=97"}],"curies":[{"name":"wp","href":"https:\/\/api.w.org\/{rel}","templated":true}]}}