{"id":96,"date":"2026-08-31T12:24:14","date_gmt":"2026-08-31T12:24:14","guid":{"rendered":"https:\/\/labelvtc.fr\/blog\/attente-arrets-hors-paris\/"},"modified":"2026-08-31T12:24:14","modified_gmt":"2026-08-31T12:24:14","slug":"attente-arrets-hors-paris","status":"publish","type":"post","link":"https:\/\/labelvtc.fr\/blog\/attente-arrets-hors-paris\/","title":{"rendered":"Attente, arr\u00eats, hors-Paris : ce qui se facture en plus"},"content":{"rendered":"<p class=\"wp-block-paragraph\">Une attente r\u00e9serv\u00e9e, un arr\u00eat demand\u00e9 et une destination hors-Paris peuvent modifier le montant final, mais pas de la m\u00eame mani\u00e8re selon le v\u00e9hicule choisi. Pour un taxi, la tarification est encadr\u00e9e et le compteur permet de suivre le trajet. Pour un VTC, le prix additionnel d\u00e9pend des conditions annonc\u00e9es lors de la r\u00e9servation.<\/p>\n\n<p class=\"wp-block-paragraph\"><strong>En bref<\/strong><\/p>\n\n<ul class=\"wp-block-list\"><li>Une attente peut \u00eatre int\u00e9gr\u00e9e au prix convenu ou d\u00e9clencher une facturation au temps pass\u00e9.<\/li><li>Un arr\u00eat sur un Paris\u2013Orly peut faire perdre l\u2019application du forfait taxi a\u00e9roport.<\/li><li>Un trajet hors-Paris n\u2019est pas automatiquement plus cher, mais il peut relever d\u2019une grille diff\u00e9rente ou inclure des frais annonc\u00e9s au devis.<\/li><li>Le taxi applique un compteur hors forfait ; le VTC doit pr\u00e9senter le prix ou les conditions de calcul avant le transport.<\/li><li>Les montants r\u00e9glement\u00e9s de 2025 servent de rep\u00e8re historique et doivent \u00eatre v\u00e9rifi\u00e9s au regard de l\u2019arr\u00eat\u00e9 applicable le jour du d\u00e9placement.<\/li><\/ul>\n\n<p class=\"wp-block-paragraph\">Ce contenu porte sur les taxis et VTC circulant entre Paris, les a\u00e9roports franciliens et la petite couronne, en berline avec un \u00e0 trois passagers et des bagages usuels. Les minibus, les v\u00e9hicules m\u00e9dicalis\u00e9s, les transports scolaires et les longs d\u00e9placements hors d\u2019\u00cele-de-France ne sont pas trait\u00e9s.<\/p>\n\n<div id=\"ez-toc-container\" class=\"ez-toc-v2_0_87 counter-hierarchy ez-toc-counter ez-toc-grey ez-toc-container-direction\">\n<div class=\"ez-toc-title-container\">\n<p class=\"ez-toc-title\" style=\"cursor:inherit\">Sommaire<\/p>\n<span class=\"ez-toc-title-toggle\"><a href=\"#\" class=\"ez-toc-pull-right ez-toc-btn ez-toc-btn-xs ez-toc-btn-default ez-toc-toggle\" aria-label=\"Toggle Table of Content\"><span class=\"ez-toc-js-icon-con\"><span class=\"\"><span class=\"eztoc-hide\" style=\"display:none;\">Toggle<\/span><span class=\"ez-toc-icon-toggle-span\"><svg style=\"fill: #999;color:#999\" xmlns=\"http:\/\/www.w3.org\/2000\/svg\" class=\"list-377408\" width=\"20px\" height=\"20px\" viewBox=\"0 0 24 24\" fill=\"none\"><path d=\"M6 6H4v2h2V6zm14 0H8v2h12V6zM4 11h2v2H4v-2zm16 0H8v2h12v-2zM4 16h2v2H4v-2zm16 0H8v2h12v-2z\" fill=\"currentColor\"><\/path><\/svg><svg style=\"fill: #999;color:#999\" class=\"arrow-unsorted-368013\" xmlns=\"http:\/\/www.w3.org\/2000\/svg\" width=\"10px\" height=\"10px\" viewBox=\"0 0 24 24\" version=\"1.2\" baseProfile=\"tiny\"><path d=\"M18.2 9.3l-6.2-6.3-6.2 6.3c-.2.2-.3.4-.3.7s.1.5.3.7c.2.2.4.3.7.3h11c.3 0 .5-.1.7-.3.2-.2.3-.5.3-.7s-.1-.5-.3-.7zM5.8 14.7l6.2 6.3 6.2-6.3c.2-.2.3-.5.3-.7s-.1-.5-.3-.7c-.2-.2-.4-.3-.7-.3h-11c-.3 0-.5.1-.7.3-.2.2-.3.5-.3.7s.1.5.3.7z\"\/><\/svg><\/span><\/span><\/span><\/a><\/span><\/div>\n<nav><ul class='ez-toc-list ez-toc-list-level-1 eztoc-toggle-hide-by-default' ><li class='ez-toc-page-1 ez-toc-heading-level-2'><a class=\"ez-toc-link ez-toc-heading-1\" href=\"https:\/\/labelvtc.fr\/blog\/attente-arrets-hors-paris\/#Quand_lattente_du_chauffeur_devient-elle_une_facturation_supplementaire\" >Quand l\u2019attente du chauffeur devient-elle une facturation suppl\u00e9mentaire ?<\/a><\/li><li class='ez-toc-page-1 ez-toc-heading-level-2'><a class=\"ez-toc-link ez-toc-heading-2\" href=\"https:\/\/labelvtc.fr\/blog\/attente-arrets-hors-paris\/#Les_arrets_intermediaires_font-ils_perdre_le_forfait_taxi_vers_Orly_ou_Roissy\" >Les arr\u00eats interm\u00e9diaires font-ils perdre le forfait taxi vers Orly ou Roissy ?<\/a><\/li><li class='ez-toc-page-1 ez-toc-heading-level-2'><a class=\"ez-toc-link ez-toc-heading-3\" href=\"https:\/\/labelvtc.fr\/blog\/attente-arrets-hors-paris\/#Pourquoi_un_trajet_hors-Paris_peut-il_couter_plus_cher\" >Pourquoi un trajet hors-Paris peut-il co\u00fbter plus cher ?<\/a><\/li><li class='ez-toc-page-1 ez-toc-heading-level-2'><a class=\"ez-toc-link ez-toc-heading-4\" href=\"https:\/\/labelvtc.fr\/blog\/attente-arrets-hors-paris\/#Quels_supplements_peuvent_sajouter_a_un_transport_en_taxi\" >Quels suppl\u00e9ments peuvent s\u2019ajouter \u00e0 un transport en taxi ?<\/a><\/li><li class='ez-toc-page-1 ez-toc-heading-level-2'><a class=\"ez-toc-link ez-toc-heading-5\" href=\"https:\/\/labelvtc.fr\/blog\/attente-arrets-hors-paris\/#Comment_verifier_une_facture_avec_attente_arret_ou_deplacement_hors-Paris\" >Comment v\u00e9rifier une facture avec attente, arr\u00eat ou d\u00e9placement hors-Paris ?<\/a><\/li><\/ul><\/nav><\/div>\n<h2 class=\"wp-block-heading\"><span class=\"ez-toc-section\" id=\"Quand_lattente_du_chauffeur_devient-elle_une_facturation_supplementaire\"><\/span>Quand l\u2019attente du chauffeur devient-elle une facturation suppl\u00e9mentaire ?<span class=\"ez-toc-section-end\"><\/span><\/h2>\n\n<p class=\"wp-block-paragraph\">Dans un taxi r\u00e9serv\u00e9, le temps d\u2019attente ne se confond pas avec le temps de circulation. Le taxim\u00e8tre peut basculer sur une composante horaire lorsque le v\u00e9hicule roule lentement ou reste immobilis\u00e9. Le principe figure dans le <a href=\"https:\/\/www.legifrance.gouv.fr\/loda\/id\/JORFTEXT000031298143\/\" target=\"_blank\" rel=\"noopener\">d\u00e9cret du 7 octobre 2015 relatif aux tarifs des courses de taxi<\/a>, consult\u00e9 le 18 mars 2026. Hors forfait, le prix affich\u00e9 \u00e9volue donc selon la distance et selon le temps.<\/p>\n\n<p class=\"wp-block-paragraph\">Le plafond national du tarif horaire \u00e9tait fix\u00e9 \u00e0 <strong>41,76 \u20ac par heure<\/strong> par l\u2019arr\u00eat\u00e9 tarifaire publi\u00e9 au Journal officiel le <strong>1er f\u00e9vrier 2025<\/strong>. Ce montant n\u2019est pas une grille automatiquement appliqu\u00e9e \u00e0 chaque taxi parisien. Il encadre la tarification, tandis que les modalit\u00e9s pratiques rel\u00e8vent du bar\u00e8me applicable dans la zone concern\u00e9e.<\/p>\n\n<p class=\"wp-block-paragraph\">Une attente de dix minutes ne correspond donc pas m\u00e9caniquement \u00e0 un sixi\u00e8me de ce plafond. Le taxim\u00e8tre utilise un rythme de d\u00e9compte d\u00e9termin\u00e9 par la tarification en cours. Le re\u00e7u permet de distinguer le total pay\u00e9, le moment de prise en charge et la fin du transport. Pour une v\u00e9rification sur un taxi parisien, la <a href=\"https:\/\/www.prefecturedepolice.interieur.gouv.fr\/\" target=\"_blank\" rel=\"noopener\">Pr\u00e9fecture de police de Paris<\/a>, consult\u00e9e le 18 mars 2026, publie les informations utiles sur l\u2019activit\u00e9 des taxis.<\/p>\n\n<h3 class=\"wp-block-heading\">Une attente avant le d\u00e9part n\u2019a pas le m\u00eame effet qu\u2019un embouteillage<\/h3>\n\n<p class=\"wp-block-paragraph\">Le cas le plus fr\u00e9quent est un d\u00e9part d\u2019h\u00f4tel ou de bureau. Le v\u00e9hicule arrive \u00e0 l\u2019horaire pr\u00e9vu, mais les passagers descendent avec un retard de quinze minutes. Dans un taxi command\u00e9, cette p\u00e9riode peut entrer dans le temps factur\u00e9 selon les conditions de r\u00e9servation. Dans un VTC r\u00e9serv\u00e9, l\u2019op\u00e9rateur pr\u00e9voit souvent un d\u00e9lai de courtoisie, puis une tarification suppl\u00e9mentaire par minute.<\/p>\n\n<p class=\"wp-block-paragraph\">Il faut lire le devis sur deux lignes distinctes. La premi\u00e8re indique le prix du trajet. La seconde pr\u00e9cise la dur\u00e9e d\u2019attente incluse au lieu de prise en charge et le montant appliqu\u00e9 apr\u00e8s ce d\u00e9lai. Si cette seconde ligne manque, le prix annonc\u00e9 n\u2019explique pas enti\u00e8rement la facture potentielle.<\/p>\n\n<p class=\"wp-block-paragraph\">Le trafic produit un autre effet. Un d\u00e9part Porte Maillot \u00e0 destination du terminal 1 de Roissy, un vendredi entre 17 h et 19 h, peut subir un ralentissement durable sur l\u2019A1. Pour un taxi hors forfait, le compteur tient compte de cette marche lente. Pour un VTC au prix fix\u00e9 lors de la r\u00e9servation, le client ne supporte pas n\u00e9cessairement le temps suppl\u00e9mentaire, sauf clause claire portant sur une modification du trajet ou une attente demand\u00e9e.<\/p>\n\n<p class=\"wp-block-paragraph\">Un trajet direct et un v\u00e9hicule immobilis\u00e9 \u00e0 la demande du passager doivent rester s\u00e9par\u00e9s dans l\u2019analyse. L\u2019embouteillage appartient au d\u00e9placement. L\u2019arr\u00eat devant une adresse suppl\u00e9mentaire correspond \u00e0 une instruction donn\u00e9e pendant le transport. Cette diff\u00e9rence d\u00e9cide souvent de l\u2019existence d\u2019un prix additionnel.<\/p>\n\n<h3 class=\"wp-block-heading\">Ce qu\u2019il faut v\u00e9rifier avant de laisser un v\u00e9hicule attendre<\/h3>\n\n<p class=\"wp-block-paragraph\">Une r\u00e9servation \u00e0 6 h 00 pour un d\u00e9part r\u00e9el \u00e0 6 h 20 cr\u00e9e vingt minutes d\u2019incertitude tarifaire. Le moyen le plus simple de l\u2019\u00e9viter consiste \u00e0 fixer une heure de prise en charge r\u00e9aliste, et non l\u2019heure th\u00e9orique \u00e0 laquelle les bagages devraient \u00eatre pr\u00eats. Ce point compte davantage lors d\u2019un d\u00e9part vers Orly ou Roissy avant 7 h.<\/p>\n\n<ol class=\"wp-block-list\"><li>V\u00e9rifiez le nombre de minutes incluses dans le devis ou la confirmation de r\u00e9servation.<\/li><li>Demandez si l\u2019attente est calcul\u00e9e d\u00e8s l\u2019arriv\u00e9e du v\u00e9hicule ou apr\u00e8s l\u2019horaire r\u00e9serv\u00e9.<\/li><li>Conservez le message indiquant l\u2019heure d\u2019arriv\u00e9e effective du chauffeur.<\/li><li>Demandez une note d\u00e9taill\u00e9e lorsque le total d\u00e9passe <strong>25 \u20ac<\/strong> pour un taxi.<\/li><\/ol>\n\n<p class=\"wp-block-paragraph\">Pour les taxis, l\u2019obligation de d\u00e9livrer une note imprim\u00e9e \u00e0 partir de <strong>25 \u20ac<\/strong> est pr\u00e9vue par le <a href=\"https:\/\/www.legifrance.gouv.fr\/codes\/article_lc\/LEGIARTI000042164653\" target=\"_blank\" rel=\"noopener\">Code des transports<\/a>, consult\u00e9 le 18 mars 2026. La note comporte notamment les heures de d\u00e9but et de fin ainsi que le montant total. Elle ne tranche pas un d\u00e9saccord commercial, mais elle donne les \u00e9l\u00e9ments concrets n\u00e9cessaires pour comprendre la facturation.<\/p>\n\n<p class=\"wp-block-paragraph\">Une attente qui a \u00e9t\u00e9 annonc\u00e9e, dat\u00e9e et mesur\u00e9e se v\u00e9rifie. Une attente laiss\u00e9e dans une formule vague devient beaucoup plus difficile \u00e0 rapprocher du montant pay\u00e9.<\/p>\n\n<h2 class=\"wp-block-heading\"><span class=\"ez-toc-section\" id=\"Les_arrets_intermediaires_font-ils_perdre_le_forfait_taxi_vers_Orly_ou_Roissy\"><\/span>Les arr\u00eats interm\u00e9diaires font-ils perdre le forfait taxi vers Orly ou Roissy ?<span class=\"ez-toc-section-end\"><\/span><\/h2>\n\n<p class=\"wp-block-paragraph\">Oui, un arr\u00eat demand\u00e9 par le passager peut changer la nature du d\u00e9placement. Les forfaits entre Paris et les a\u00e9roports de Paris-Charles-de-Gaulle ou Paris-Orly visent un trajet direct. L\u2019<a href=\"https:\/\/www.legifrance.gouv.fr\/loda\/id\/JORFTEXT000031438764\/\" target=\"_blank\" rel=\"noopener\">arr\u00eat\u00e9 du 2 novembre 2015 relatif aux tarifs des taxis parisiens<\/a>, consult\u00e9 le 18 mars 2026, pr\u00e9voit que le forfait ne s\u2019applique plus lorsque le client demande express\u00e9ment un arr\u00eat ou un passage par un lieu de son choix.<\/p>\n\n<p class=\"wp-block-paragraph\">La cons\u00e9quence pratique est nette. Un d\u00e9part du 8e arrondissement vers Roissy est normalement rattach\u00e9 \u00e0 Paris rive droite. En 2025, le forfait indiqu\u00e9 pour cette liaison \u00e9tait de <strong>56 \u20ac<\/strong>, hors suppl\u00e9ments \u00e9ventuels. Si le passager impose un passage par Montrouge pour r\u00e9cup\u00e9rer une valise, le transport n\u2019est plus le Paris\u2013CDG direct couvert par ce montant.<\/p>\n\n<p class=\"wp-block-paragraph\">Le m\u00eame raisonnement s\u2019applique \u00e0 un d\u00e9part du 15e arrondissement vers Orly. Le forfait Paris rive gauche\u2013Orly \u00e9tait de <strong>36 \u20ac<\/strong> en 2025. Un d\u00e9tour volontaire par la gare Montparnasse ou Issy-les-Moulineaux retire le cadre du trajet direct. Le compteur devient alors le rep\u00e8re du prix, avec le bar\u00e8me applicable.<\/p>\n\n<h3 class=\"wp-block-heading\">Un arr\u00eat de deux minutes peut avoir un effet bien sup\u00e9rieur \u00e0 deux minutes<\/h3>\n\n<p class=\"wp-block-paragraph\">Le probl\u00e8me ne vient pas seulement du temps pass\u00e9 devant l\u2019adresse interm\u00e9diaire. L\u2019arr\u00eat modifie l\u2019itin\u00e9raire et peut faire basculer un prix fixe vers une tarification calcul\u00e9e au compteur. Entre deux adresses proches, l\u2019\u00e9cart peut rester limit\u00e9. Entre Paris, la petite couronne puis l\u2019a\u00e9roport, l\u2019\u00e9cart d\u00e9pend de la circulation, de l\u2019horaire et de la distance parcourue.<\/p>\n\n<p class=\"wp-block-paragraph\">Un arr\u00eat devant une gare est particuli\u00e8rement sensible. Un d\u00e9part R\u00e9publique vers Orly avec un passage par la gare de Lyon ne rel\u00e8ve plus du m\u00eame cadre qu\u2019un d\u00e9part direct depuis R\u00e9publique. Il faut traiter ce d\u00e9placement comme un trajet comprenant deux segments, m\u00eame si les passagers restent dans le m\u00eame v\u00e9hicule.<\/p>\n\n<p class=\"wp-block-paragraph\">La formule \u00ab juste cinq minutes \u00bb ne donne aucune garantie sur le prix final. Cinq minutes d\u2019arr\u00eat peuvent devenir quinze minutes lorsque les bagages ne sont pas pr\u00eats, que la personne \u00e0 r\u00e9cup\u00e9rer tarde \u00e0 sortir ou que l\u2019acc\u00e8s \u00e0 l\u2019immeuble est encombr\u00e9. Le temps immobile et le d\u00e9tour sont deux facteurs distincts.<\/p>\n\n<figure class=\"wp-block-table\"><table>\n<thead>\n<tr>\n<th>Situation observ\u00e9e<\/th>\n<th>Trajet concern\u00e9<\/th>\n<th>Cadre de prix applicable<\/th>\n<th>\u00c9l\u00e9ment qui peut modifier la facture<\/th>\n<th>Date de r\u00e9f\u00e9rence<\/th>\n<\/tr>\n<\/thead>\n<tbody>\n<tr>\n<td>Transport direct<\/td>\n<td>8e arrondissement\u2013CDG<\/td>\n<td>Forfait rive droite de <strong>56 \u20ac<\/strong> en 2025<\/td>\n<td>Suppl\u00e9ments r\u00e9glement\u00e9s \u00e9ventuels<\/td>\n<td><strong>1er f\u00e9vrier 2025<\/strong><\/td>\n<\/tr>\n<tr>\n<td>Transport direct<\/td>\n<td>15e arrondissement\u2013Orly<\/td>\n<td>Forfait rive gauche de <strong>36 \u20ac<\/strong> en 2025<\/td>\n<td>Suppl\u00e9ments r\u00e9glement\u00e9s \u00e9ventuels<\/td>\n<td><strong>1er f\u00e9vrier 2025<\/strong><\/td>\n<\/tr>\n<tr>\n<td>Passage demand\u00e9<\/td>\n<td>Paris\u2013adresse interm\u00e9diaire\u2013a\u00e9roport<\/td>\n<td>Forfait non applicable au trajet direct<\/td>\n<td>Distance, dur\u00e9e, attente et bar\u00e8me du compteur<\/td>\n<td><strong>18 mars 2026<\/strong>, v\u00e9rification r\u00e9glementaire<\/td>\n<\/tr>\n<\/tbody>\n<\/table><\/figure>\n\n<p class=\"wp-block-paragraph\">Le tableau reprend les forfaits publi\u00e9s pour 2025. Il ne remplace pas la v\u00e9rification de l\u2019arr\u00eat\u00e9 en vigueur le jour du transport. Les tarifs r\u00e9glement\u00e9s font l\u2019objet d\u2019une actualisation annuelle et la r\u00e9f\u00e9rence applicable doit \u00eatre contr\u00f4l\u00e9e sur <a href=\"https:\/\/www.legifrance.gouv.fr\/\" target=\"_blank\" rel=\"noopener\">L\u00e9gifrance<\/a>, consult\u00e9 le 18 mars 2026.<\/p>\n\n<h3 class=\"wp-block-heading\">Dans quels cas un arr\u00eat ne doit pas \u00eatre assimil\u00e9 \u00e0 une escale choisie ?<\/h3>\n\n<p class=\"wp-block-paragraph\">Un arr\u00eat impos\u00e9 par la circulation, un feu, un contr\u00f4le de s\u00e9curit\u00e9 ou une fermeture d\u2019acc\u00e8s ne correspond pas \u00e0 un passage demand\u00e9 par le client. Le v\u00e9hicule reste sur la route du trajet. La situation est diff\u00e9rente lorsqu\u2019un passager demande au chauffeur d\u2019entrer dans une rue, de s\u2019arr\u00eater devant une r\u00e9sidence ou de modifier volontairement l\u2019itin\u00e9raire.<\/p>\n\n<p class=\"wp-block-paragraph\">Un arr\u00eat tr\u00e8s bref pour d\u00e9poser un passager change n\u00e9anmoins l\u2019organisation du transport. Si ce d\u00e9p\u00f4t intervient avant l\u2019a\u00e9roport, il vaut mieux demander le prix recalcul\u00e9 avant de partir. Cette pr\u00e9caution est utile pour un taxi comme pour un VTC, m\u00eame si le m\u00e9canisme de prix n\u2019est pas identique.<\/p>\n\n<p class=\"wp-block-paragraph\">Le forfait a\u00e9roport apporte une pr\u00e9visibilit\u00e9 forte seulement lorsque le d\u00e9part et l\u2019arriv\u00e9e correspondent exactement \u00e0 son p\u00e9rim\u00e8tre. D\u00e8s qu\u2019un d\u00e9tour personnel s\u2019ajoute, le prix fixe ne doit plus \u00eatre pr\u00e9sum\u00e9.<\/p>\n\n<figure class=\"is-provider-youtube is-type-video wp-block-embed wp-block-embed-youtube wp-embed-aspect-16-9 wp-has-aspect-ratio\"><div class=\"wp-block-embed__wrapper\">\n<iframe loading=\"lazy\" title=\"10 ID\u00c9ES SORTIES AUTOUR DE PARIS : CERTAINES VONT VOUS SURPRENDRE ! \ud83d\ude1c\" width=\"500\" height=\"281\" src=\"https:\/\/www.youtube.com\/embed\/a5x7W06urFA?feature=oembed\" frameborder=\"0\" allow=\"accelerometer; autoplay; clipboard-write; encrypted-media; gyroscope; picture-in-picture; web-share\" referrerpolicy=\"strict-origin-when-cross-origin\" allowfullscreen><\/iframe>\n<\/div><\/figure>\n\n<h2 class=\"wp-block-heading\"><span class=\"ez-toc-section\" id=\"Pourquoi_un_trajet_hors-Paris_peut-il_couter_plus_cher\"><\/span>Pourquoi un trajet hors-Paris peut-il co\u00fbter plus cher ?<span class=\"ez-toc-section-end\"><\/span><\/h2>\n\n<p class=\"wp-block-paragraph\">Un trajet hors-Paris n\u2019emporte pas une tarification suppl\u00e9mentaire automatique. Il faut distinguer trois situations. La premi\u00e8re est un d\u00e9placement qui commence dans Paris et se termine en petite couronne. La deuxi\u00e8me d\u00e9bute dans une commune relevant d\u2019un autre cadre tarifaire. La troisi\u00e8me inclut un retour \u00e0 vide ou une zone ext\u00e9rieure, \u00e9l\u00e9ments que les bar\u00e8mes peuvent prendre en compte dans les limites r\u00e9glementaires.<\/p>\n\n<p class=\"wp-block-paragraph\">Les taxis parisiens utilisent des tarifs A, B et C. Le bar\u00e8me varie selon le jour, l\u2019horaire et la zone de circulation. Les r\u00e8gles de principe sont expos\u00e9es dans l\u2019arr\u00eat\u00e9 du 2 novembre 2015, consult\u00e9 le 18 mars 2026 sur <a href=\"https:\/\/www.legifrance.gouv.fr\/loda\/id\/JORFTEXT000031438764\/\" target=\"_blank\" rel=\"noopener\">L\u00e9gifrance<\/a>. Les taxis hors de Paris appliquent pour leur part une structure tarifaire distincte, souvent pr\u00e9sent\u00e9e avec les lettres A, B, C et D.<\/p>\n\n<p class=\"wp-block-paragraph\">La fronti\u00e8re administrative n\u2019est donc pas le seul crit\u00e8re. Un d\u00e9placement de Paris 13e vers Montrouge, r\u00e9alis\u00e9 en journ\u00e9e, n\u2019a pas le m\u00eame contexte qu\u2019un d\u00e9part de Cergy vers le terminal 2E de Roissy \u00e0 4 h 30. La distance, le cr\u00e9neau, l\u2019autorisation de stationnement du taxi et le retour \u00e9ventuel du v\u00e9hicule comptent dans le calcul.<\/p>\n\n<h3 class=\"wp-block-heading\">Les majorations possibles restent plafonn\u00e9es<\/h3>\n\n<p class=\"wp-block-paragraph\">Le d\u00e9cret du 7 octobre 2015 autorise des majorations dans certaines circonstances. La nuit, la desserte de zones p\u00e9riph\u00e9riques, le retour \u00e0 vide, les heures de pointe et les conditions neige-verglas font partie des situations pr\u00e9vues. Ces majorations sont plafonn\u00e9es par le texte. Elles ne sont pas un suppl\u00e9ment libre fix\u00e9 au moment de l\u2019arriv\u00e9e.<\/p>\n\n<p class=\"wp-block-paragraph\">La majoration de nuit est limit\u00e9e \u00e0 <strong>50 %<\/strong>. Celle li\u00e9e \u00e0 un retour \u00e0 vide ou \u00e0 certaines zones ext\u00e9rieures peut aller jusqu\u2019\u00e0 <strong>100 %<\/strong>, selon le cadre tarifaire appliqu\u00e9. Le tarif neige-verglas est lui aussi limit\u00e9 \u00e0 <strong>50 %<\/strong> et ne se cumule pas avec la majoration de nuit. Ces plafonds sont ceux pr\u00e9vus par le d\u00e9cret, consult\u00e9 le 18 mars 2026.<\/p>\n\n<p class=\"wp-block-paragraph\">Le client ne peut pas d\u00e9duire un montant pr\u00e9cis de ces pourcentages. Les arr\u00eat\u00e9s pr\u00e9fectoraux fixent les tarifs locaux et les p\u00e9riodes d\u2019application. Dans les Hauts-de-Seine, en Seine-Saint-Denis ou dans le Val-de-Marne, le bar\u00e8me consultable peut diff\u00e9rer de celui d\u2019un taxi parisien. Un montant affich\u00e9 sur le compteur reste le document de r\u00e9f\u00e9rence pour la course effectu\u00e9e.<\/p>\n\n<h3 class=\"wp-block-heading\">Le VTC fonctionne sur un devis, pas sur le taxim\u00e8tre<\/h3>\n\n<p class=\"wp-block-paragraph\">Un VTC n\u2019applique pas le bar\u00e8me r\u00e9glement\u00e9 des taxis. Le professionnel ou la plateforme fixe son prix. Pour un trajet hors-Paris, le devis peut int\u00e9grer une distance accrue, une dur\u00e9e pr\u00e9visionnelle, un p\u00e9age demand\u00e9, une attente incluse limit\u00e9e ou un horaire de d\u00e9part. Le point utile n\u2019est pas de chercher un tarif national. Il faut comparer deux devis portant sur le m\u00eame lieu de prise en charge, la m\u00eame destination, la m\u00eame heure et la m\u00eame cat\u00e9gorie de v\u00e9hicule.<\/p>\n\n<p class=\"wp-block-paragraph\">Un d\u00e9part de Neuilly-sur-Seine pour Orly et un d\u00e9part du 16e arrondissement pour Orly peuvent sembler voisins sur une carte. Pourtant, une adresse pr\u00e9cise, l\u2019acc\u00e8s au p\u00e9riph\u00e9rique et l\u2019heure choisie peuvent modifier le prix propos\u00e9. Pour rendre la comparaison utile, indiquez l\u2019adresse compl\u00e8te, le terminal et l\u2019horaire d\u2019arriv\u00e9e souhait\u00e9.<\/p>\n\n<p class=\"wp-block-paragraph\">Le p\u00e9age m\u00e9rite une lecture s\u00e9par\u00e9e. Dans un taxi, les frais d\u2019autoroute ne sont r\u00e9percut\u00e9s au passager que si celui-ci a express\u00e9ment demand\u00e9 l\u2019itin\u00e9raire \u00e0 p\u00e9age, d\u2019apr\u00e8s les r\u00e8gles rappel\u00e9es par la <a href=\"https:\/\/www.service-public.fr\/particuliers\/vosdroits\/F22127\" target=\"_blank\" rel=\"noopener\">fiche officielle sur les taxis<\/a>, consult\u00e9e le 18 mars 2026. Une course d\u2019approche ne justifie pas ce report sur la facture du client.<\/p>\n\n<p class=\"wp-block-paragraph\">Hors-Paris ne signifie donc pas librement major\u00e9. Le bon contr\u00f4le porte sur la zone, le type de v\u00e9hicule, le cr\u00e9neau et le document qui annonce le prix avant le d\u00e9part.<\/p>\n\n<figure class=\"is-provider-youtube is-type-video wp-block-embed wp-block-embed-youtube wp-embed-aspect-16-9 wp-has-aspect-ratio\"><div class=\"wp-block-embed__wrapper\">\n<iframe loading=\"lazy\" title=\"ICI on PARIE ! Saint-Cloud, Quint\u00e9+ et pronostics en live de l&amp;apos;hippodrome, Lundi 31 Ao\u00fbt 2026\" width=\"500\" height=\"375\" src=\"https:\/\/www.youtube.com\/embed\/Z6q55no8ZNc?feature=oembed\" frameborder=\"0\" allow=\"accelerometer; autoplay; clipboard-write; encrypted-media; gyroscope; picture-in-picture; web-share\" referrerpolicy=\"strict-origin-when-cross-origin\" allowfullscreen><\/iframe>\n<\/div><\/figure>\n\n<h2 class=\"wp-block-heading\"><span class=\"ez-toc-section\" id=\"Quels_supplements_peuvent_sajouter_a_un_transport_en_taxi\"><\/span>Quels suppl\u00e9ments peuvent s\u2019ajouter \u00e0 un transport en taxi ?<span class=\"ez-toc-section-end\"><\/span><\/h2>\n\n<p class=\"wp-block-paragraph\">Le prix affich\u00e9 au compteur n\u2019est pas toujours la seule composante d\u2019une facture. Certains suppl\u00e9ments de prise en charge sont pr\u00e9vus par les textes. Ils concernent notamment le cinqui\u00e8me passager, certains bagages ou colis encombrants, et la r\u00e9servation. Leur montant et leurs conditions d\u00e9pendent du territoire et du bar\u00e8me applicable.<\/p>\n\n<p class=\"wp-block-paragraph\">Le cadre g\u00e9n\u00e9ral est pos\u00e9 par le <a href=\"https:\/\/www.legifrance.gouv.fr\/loda\/id\/JORFTEXT000031298143\/\" target=\"_blank\" rel=\"noopener\">d\u00e9cret du 7 octobre 2015<\/a>, consult\u00e9 le 18 mars 2026. Il distingue le prix de prise en charge, le prix kilom\u00e9trique, la composante horaire et les suppl\u00e9ments autoris\u00e9s. Un taxi ne fonctionne donc pas comme un tarif uniforme affich\u00e9 \u00e0 l\u2019avance pour tous les types de transport.<\/p>\n\n<p class=\"wp-block-paragraph\">En 2025, le tarif minimum national d\u2019une course \u00e9tait fix\u00e9 \u00e0 <strong>8 \u20ac<\/strong>. M\u00eame un parcours tr\u00e8s court ne pouvait pas \u00eatre pay\u00e9 en dessous de ce seuil. Le prix maximal de prise en charge \u00e9tait alors de <strong>4,48 \u20ac<\/strong>, tandis que le plafond national du kilom\u00e8tre \u00e9tait de <strong>1,29 \u20ac<\/strong>. Ces chiffres sont des rep\u00e8res issus de l\u2019arr\u00eat\u00e9 publi\u00e9 le 1er f\u00e9vrier 2025 ; ils doivent \u00eatre actualis\u00e9s avant une r\u00e9servation effectu\u00e9e en 2026.<\/p>\n\n<h3 class=\"wp-block-heading\">Bagages et passagers suppl\u00e9mentaires demandent une v\u00e9rification concr\u00e8te<\/h3>\n\n<p class=\"wp-block-paragraph\">Une valise cabine, un sac \u00e0 dos et une poussette pli\u00e9e ne constituent pas n\u00e9cessairement un bagage encombrant donnant lieu \u00e0 suppl\u00e9ment. \u00c0 l\u2019inverse, une housse de v\u00e9lo, un instrument volumineux ou plusieurs colis peuvent n\u00e9cessiter un espace particulier. Il faut annoncer cet \u00e9l\u00e9ment avant la prise en charge, car le sujet porte aussi sur la capacit\u00e9 r\u00e9elle du v\u00e9hicule.<\/p>\n\n<p class=\"wp-block-paragraph\">Le fauteuil roulant d\u2019un passager en situation de handicap ne peut pas justifier un suppl\u00e9ment de prise en charge. L\u2019absence de suppl\u00e9ment pour la prise en charge dans une gare, un port ou un a\u00e9roport fait \u00e9galement partie des r\u00e8gles rappel\u00e9es par le d\u00e9cret. Ces deux points sont distincts d\u2019une \u00e9ventuelle attente ou d\u2019un d\u00e9tour demand\u00e9.<\/p>\n\n<p class=\"wp-block-paragraph\">\u00c0 partir du cinqui\u00e8me passager, un suppl\u00e9ment peut \u00eatre pr\u00e9vu. Cette r\u00e8gle ne garantit pas que le v\u00e9hicule pourra accueillir le groupe avec ses bagages. Une berline ne devient pas un v\u00e9hicule sept places parce qu\u2019un suppl\u00e9ment est applicable. Le nombre de personnes, les si\u00e8ges enfants et les volumes transport\u00e9s doivent \u00eatre indiqu\u00e9s lors de la demande.<\/p>\n\n<h3 class=\"wp-block-heading\">R\u00e9servation imm\u00e9diate et r\u00e9servation anticip\u00e9e doivent appara\u00eetre s\u00e9par\u00e9ment<\/h3>\n\n<p class=\"wp-block-paragraph\">Un taxi pris \u00e0 une station n\u2019a pas le m\u00eame contexte qu\u2019un taxi demand\u00e9 pour 5 h 45 devant une adresse du 12e arrondissement. La r\u00e9servation peut faire partie des \u00e9l\u00e9ments facturables selon la zone. Le devis ou l\u2019information donn\u00e9e avant la course doit permettre de distinguer ce qui rel\u00e8ve de la r\u00e9servation et ce qui rel\u00e8ve du d\u00e9placement.<\/p>\n\n<p class=\"wp-block-paragraph\">Pour un VTC, la distinction est souvent plus simple sur le papier, car le prix est communiqu\u00e9 avant l\u2019acceptation. Elle devient moins claire lorsque l\u2019offre pr\u00e9voit une attente limit\u00e9e, une prise en charge \u00e0 un point difficile d\u2019acc\u00e8s ou un service extra pr\u00e9sent\u00e9 dans les conditions g\u00e9n\u00e9rales. Un si\u00e8ge enfant, une pancarte d\u2019accueil ou un bagage inhabituel peuvent donner lieu \u00e0 un prix additionnel s\u2019ils sont propos\u00e9s comme options.<\/p>\n\n<p class=\"wp-block-paragraph\">Le terme \u00ab frais cach\u00e9 \u00bb est souvent impr\u00e9cis. Un montant annonc\u00e9 dans les conditions accept\u00e9es avant le d\u00e9part n\u2019est pas cach\u00e9, m\u00eame s\u2019il a \u00e9t\u00e9 lu trop vite. Un montant ajout\u00e9 sans correspondance identifiable avec le devis, l\u2019option command\u00e9e ou le d\u00e9roulement du trajet m\u00e9rite d\u2019\u00eatre demand\u00e9 au service concern\u00e9 avec les \u00e9l\u00e9ments de r\u00e9servation.<\/p>\n\n<p class=\"wp-block-paragraph\">La facturation devient lisible lorsque chaque \u00e9l\u00e9ment porte un nom concret : r\u00e9servation, bagage d\u00e9clar\u00e9, attente mesur\u00e9e, arr\u00eat demand\u00e9 ou p\u00e9age express\u00e9ment sollicit\u00e9.<\/p>\n\n<h2 class=\"wp-block-heading\"><span class=\"ez-toc-section\" id=\"Comment_verifier_une_facture_avec_attente_arret_ou_deplacement_hors-Paris\"><\/span>Comment v\u00e9rifier une facture avec attente, arr\u00eat ou d\u00e9placement hors-Paris ?<span class=\"ez-toc-section-end\"><\/span><\/h2>\n\n<p class=\"wp-block-paragraph\">La v\u00e9rification se fait dans l\u2019ordre des faits. Il faut d\u2019abord retrouver l\u2019heure r\u00e9serv\u00e9e, l\u2019heure d\u2019arriv\u00e9e du v\u00e9hicule, l\u2019heure de d\u00e9part r\u00e9elle, l\u2019adresse exacte de destination et les passages interm\u00e9diaires demand\u00e9s. Ensuite seulement, le total peut \u00eatre rapproch\u00e9 du devis VTC ou de la note taxi.<\/p>\n\n<p class=\"wp-block-paragraph\">Pour un taxi, le taxim\u00e8tre doit \u00eatre visible et \u00e9clair\u00e9 durant le transport. Le dispositif lumineux ext\u00e9rieur porte la mention TAXI, la commune de rattachement et un indicateur d\u2019\u00e9tat. Ces \u00e9l\u00e9ments mat\u00e9riels n\u2019indiquent pas \u00e0 eux seuls le prix final, mais ils permettent d\u2019identifier le cadre du transport et de suivre le compteur pendant le trajet.<\/p>\n\n<p class=\"wp-block-paragraph\">Une course de taxi \u00e9gale ou sup\u00e9rieure \u00e0 <strong>25 \u20ac<\/strong> doit donner lieu \u00e0 une note imprim\u00e9e. Cette note indique la date, les heures de d\u00e9but et de fin, le v\u00e9hicule, l\u2019identit\u00e9 ou la d\u00e9nomination du prestataire, l\u2019adresse de contact et le montant total. Le client peut demander que les lieux de d\u00e9part et d\u2019arriv\u00e9e ainsi que son nom y figurent. La r\u00e8gle est pr\u00e9vue par le <a href=\"https:\/\/www.legifrance.gouv.fr\/codes\/article_lc\/LEGIARTI000042164653\" target=\"_blank\" rel=\"noopener\">Code des transports<\/a>, consult\u00e9 le 18 mars 2026.<\/p>\n\n<h3 class=\"wp-block-heading\">Une m\u00e9thode de contr\u00f4le en quatre documents<\/h3>\n\n<p class=\"wp-block-paragraph\">La premi\u00e8re pi\u00e8ce est la confirmation de r\u00e9servation. Elle \u00e9tablit l\u2019horaire, l\u2019adresse et les options demand\u00e9es. La deuxi\u00e8me est le message d\u2019arriv\u00e9e du v\u00e9hicule, surtout lorsqu\u2019une attente est factur\u00e9e. La troisi\u00e8me est le relev\u00e9 de paiement ou la facture. La quatri\u00e8me, pour un taxi, est la note issue du taxim\u00e8tre.<\/p>\n\n<p class=\"wp-block-paragraph\">Un Paris\u2013CDG pr\u00e9vu sans arr\u00eat ne doit pas \u00eatre analys\u00e9 comme un Paris\u2013CDG avec passage par une adresse de petite couronne. Si un arr\u00eat a \u00e9t\u00e9 ajout\u00e9 pendant le transport, il doit appara\u00eetre dans l\u2019explication donn\u00e9e par le professionnel. Si une attente est compt\u00e9e, les horaires permettent de v\u00e9rifier la dur\u00e9e concern\u00e9e.<\/p>\n\n<p class=\"wp-block-paragraph\">Le contr\u00f4le d\u2019un VTC repose sur la concordance entre la commande et la facture. Le contr\u00f4le d\u2019un taxi repose sur la note, le taxim\u00e8tre et le bar\u00e8me. Les deux transports peuvent aboutir \u00e0 un montant similaire, mais ils ne justifient pas ce montant avec les m\u00eames documents.<\/p>\n\n<h3 class=\"wp-block-heading\">Quand demander une explication au professionnel ?<\/h3>\n\n<p class=\"wp-block-paragraph\">Une question pr\u00e9cise obtient une r\u00e9ponse plus exploitable qu\u2019une contestation g\u00e9n\u00e9rale. Il est pr\u00e9f\u00e9rable de demander : \u00ab quelle dur\u00e9e d\u2019attente est retenue entre telle heure et telle heure ? \u00bb ou \u00ab quel arr\u00eat a retir\u00e9 le forfait a\u00e9roport ? \u00bb. Cette formulation relie le prix additionnel \u00e0 un \u00e9v\u00e9nement observable.<\/p>\n\n<p class=\"wp-block-paragraph\">En pr\u00e9sence d\u2019un taxi, le paiement reste d\u00fb selon le montant affich\u00e9. Pour toute d\u00e9marche ult\u00e9rieure sur une note ou une prestation, le lecteur peut s\u2019adresser directement au professionnel ou au service comp\u00e9tent. Les r\u00e8gles applicables ne permettent pas de transformer un relev\u00e9 de prix en avis juridique.<\/p>\n\n<p class=\"wp-block-paragraph\">Un d\u00e9placement r\u00e9serv\u00e9 pour un vol matinal doit \u00eatre finalis\u00e9 la veille avec l\u2019adresse, le terminal, les bagages et les \u00e9ventuels arr\u00eats. C\u2019est le seul moment o\u00f9 le prix du transport peut encore \u00eatre clarifi\u00e9 avant que l\u2019attente ne commence.<\/p>\n\n<script type=\"application\/ld+json\">\n{\"@context\":\"https:\/\/schema.org\",\"@type\":\"FAQPage\",\"mainEntity\":[{\"@type\":\"Question\",\"name\":\"Un taxi peut-il facturer lu2019attente avant mon arrivu00e9e ?\",\"acceptedAnswer\":{\"@type\":\"Answer\",\"text\":\"Pour un taxi ru00e9servu00e9, lu2019attente peut entrer dans la tarification selon les conditions de ru00e9servation et le baru00e8me applicable. Vu00e9rifiez lu2019heure pru00e9vue, lu2019heure du2019arrivu00e9e effective et la note imprimu00e9e lorsque le montant atteint 25 u20ac ou plus.\"}},{\"@type\":\"Question\",\"name\":\"Un arru00eat intermu00e9diaire conserve-t-il le forfait Parisu2013Orly ou Parisu2013CDG ?\",\"acceptedAnswer\":{\"@type\":\"Answer\",\"text\":\"Non, le forfait au00e9roport vise un trajet direct. Un passage demandu00e9 par le passager dans un autre lieu retire le cadre du forfait direct pru00e9vu par lu2019arru00eatu00e9 applicable aux taxis parisiens.\"}},{\"@type\":\"Question\",\"name\":\"Les bagages peuvent-ils entrau00eener un supplu00e9ment taxi ?\",\"acceptedAnswer\":{\"@type\":\"Answer\",\"text\":\"Des supplu00e9ments peuvent u00eatre pru00e9vus pour certains bagages ou colis selon leur poids et leur encombrement. Le fauteuil roulant du2019un passager en situation de handicap ne peut pas faire lu2019objet du2019un supplu00e9ment de prise en charge.\"}},{\"@type\":\"Question\",\"name\":\"Un trajet hors-Paris est-il toujours majoru00e9 ?\",\"acceptedAnswer\":{\"@type\":\"Answer\",\"text\":\"Non. Le montant du00e9pend du du00e9part, de la destination, du cru00e9neau, du baru00e8me du taxi ou du devis VTC. Certaines majorations sont encadru00e9es pour les taxis, notamment lorsque le retour u00e0 vide ou une zone extu00e9rieure est concernu00e9.\"}}]}\n<\/script>\n<h3>Un taxi peut-il facturer l\u2019attente avant mon arriv\u00e9e ?<\/h3>\n<p>Pour un taxi r\u00e9serv\u00e9, l\u2019attente peut entrer dans la tarification selon les conditions de r\u00e9servation et le bar\u00e8me applicable. V\u00e9rifiez l\u2019heure pr\u00e9vue, l\u2019heure d\u2019arriv\u00e9e effective et la note imprim\u00e9e lorsque le montant atteint 25 \u20ac ou plus.<\/p>\n<h3>Un arr\u00eat interm\u00e9diaire conserve-t-il le forfait Paris\u2013Orly ou Paris\u2013CDG ?<\/h3>\n<p>Non, le forfait a\u00e9roport vise un trajet direct. Un passage demand\u00e9 par le passager dans un autre lieu retire le cadre du forfait direct pr\u00e9vu par l\u2019arr\u00eat\u00e9 applicable aux taxis parisiens.<\/p>\n<h3>Les bagages peuvent-ils entra\u00eener un suppl\u00e9ment taxi ?<\/h3>\n<p>Des suppl\u00e9ments peuvent \u00eatre pr\u00e9vus pour certains bagages ou colis selon leur poids et leur encombrement. Le fauteuil roulant d\u2019un passager en situation de handicap ne peut pas faire l\u2019objet d\u2019un suppl\u00e9ment de prise en charge.<\/p>\n<h3>Un trajet hors-Paris est-il toujours major\u00e9 ?<\/h3>\n<p>Non. Le montant d\u00e9pend du d\u00e9part, de la destination, du cr\u00e9neau, du bar\u00e8me du taxi ou du devis VTC. Certaines majorations sont encadr\u00e9es pour les taxis, notamment lorsque le retour \u00e0 vide ou une zone ext\u00e9rieure est concern\u00e9.<\/p>\n\n","protected":false},"excerpt":{"rendered":"<p>Une attente r\u00e9serv\u00e9e, un arr\u00eat demand\u00e9 et une destination hors-Paris peuvent modifier le montant final, mais pas de la m\u00eame mani\u00e8re selon le v\u00e9hicule choisi. Pour un taxi, la tarification est encadr\u00e9e et le compteur permet de suivre le trajet. Pour un VTC, le prix additionnel d\u00e9pend des conditions annonc\u00e9es lors de la r\u00e9servation. En [&hellip;]<\/p>\n","protected":false},"author":1,"featured_media":0,"comment_status":"open","ping_status":"closed","sticky":false,"template":"","format":"standard","meta":{"footnotes":""},"categories":[17],"tags":[],"class_list":["post-96","post","type-post","status-publish","format-standard","hentry","category-mise-a-disposition"],"_links":{"self":[{"href":"https:\/\/labelvtc.fr\/blog\/wp-json\/wp\/v2\/posts\/96","targetHints":{"allow":["GET"]}}],"collection":[{"href":"https:\/\/labelvtc.fr\/blog\/wp-json\/wp\/v2\/posts"}],"about":[{"href":"https:\/\/labelvtc.fr\/blog\/wp-json\/wp\/v2\/types\/post"}],"author":[{"embeddable":true,"href":"https:\/\/labelvtc.fr\/blog\/wp-json\/wp\/v2\/users\/1"}],"replies":[{"embeddable":true,"href":"https:\/\/labelvtc.fr\/blog\/wp-json\/wp\/v2\/comments?post=96"}],"version-history":[{"count":0,"href":"https:\/\/labelvtc.fr\/blog\/wp-json\/wp\/v2\/posts\/96\/revisions"}],"wp:attachment":[{"href":"https:\/\/labelvtc.fr\/blog\/wp-json\/wp\/v2\/media?parent=96"}],"wp:term":[{"taxonomy":"category","embeddable":true,"href":"https:\/\/labelvtc.fr\/blog\/wp-json\/wp\/v2\/categories?post=96"},{"taxonomy":"post_tag","embeddable":true,"href":"https:\/\/labelvtc.fr\/blog\/wp-json\/wp\/v2\/tags?post=96"}],"curies":[{"name":"wp","href":"https:\/\/api.w.org\/{rel}","templated":true}]}}