{"id":92,"date":"2026-08-31T12:16:18","date_gmt":"2026-08-31T12:16:18","guid":{"rendered":"https:\/\/labelvtc.fr\/blog\/tarif-vtc-nuit-paris\/"},"modified":"2026-08-31T12:16:18","modified_gmt":"2026-08-31T12:16:18","slug":"tarif-vtc-nuit-paris","status":"publish","type":"post","link":"https:\/\/labelvtc.fr\/blog\/tarif-vtc-nuit-paris\/","title":{"rendered":"Tarif VTC de nuit \u00e0 Paris : ce que change la majoration"},"content":{"rendered":"<p class=\"wp-block-paragraph\">Un <strong>VTC de nuit \u00e0 Paris<\/strong> ne subit pas une majoration r\u00e9glement\u00e9e comparable \u00e0 celle d\u2019un taxi. Son <strong>prix nuit<\/strong> d\u00e9pend surtout de la demande instantan\u00e9e, de la disponibilit\u00e9 affich\u00e9e et du d\u00e9lai de r\u00e9servation. Le taxi devient souvent plus pr\u00e9visible entre minuit et 5 h, notamment pour un trajet court ou une arriv\u00e9e sans r\u00e9servation.<\/p>\n\n<p class=\"wp-block-paragraph\"><strong>En bref<\/strong><\/p>\n\n<ul class=\"wp-block-list\"><li>La <strong>tarification nocturne<\/strong> d\u2019un VTC est libre, mais les applications peuvent augmenter le montant lorsque les v\u00e9hicules manquent.<\/li><li>Le taxi parisien passe sur un tarif de nuit au compteur entre 19 h et 7 h, tandis que les forfaits a\u00e9roport restent fixes.<\/li><li>Sur un trajet Bastille\u2013Pigalle un samedi \u00e0 2 h, le taxi peut co\u00fbter moins qu\u2019une course VTC affichant une forte hausse dynamique.<\/li><li>Pour un d\u00e9part planifi\u00e9 avant 7 h vers Roissy ou Orly, un VTC r\u00e9serv\u00e9 la veille peut retrouver un tarif stable.<\/li><\/ul>\n\n<p class=\"wp-block-paragraph\">Les montants cit\u00e9s concernent Paris intra-muros, en berline pour un \u00e0 trois passagers avec bagages ordinaires. Les vans, les trajets depuis la grande couronne, les v\u00e9hicules avec si\u00e8ge enfant et les suppl\u00e9ments li\u00e9s \u00e0 des bagages hors format ne sont pas couverts par cette comparaison.<\/p>\n\n<div id=\"ez-toc-container\" class=\"ez-toc-v2_0_87 counter-hierarchy ez-toc-counter ez-toc-grey ez-toc-container-direction\">\n<div class=\"ez-toc-title-container\">\n<p class=\"ez-toc-title\" style=\"cursor:inherit\">Sommaire<\/p>\n<span class=\"ez-toc-title-toggle\"><a href=\"#\" class=\"ez-toc-pull-right ez-toc-btn ez-toc-btn-xs ez-toc-btn-default ez-toc-toggle\" aria-label=\"Toggle Table of Content\"><span class=\"ez-toc-js-icon-con\"><span class=\"\"><span class=\"eztoc-hide\" style=\"display:none;\">Toggle<\/span><span class=\"ez-toc-icon-toggle-span\"><svg style=\"fill: #999;color:#999\" xmlns=\"http:\/\/www.w3.org\/2000\/svg\" class=\"list-377408\" width=\"20px\" height=\"20px\" viewBox=\"0 0 24 24\" fill=\"none\"><path d=\"M6 6H4v2h2V6zm14 0H8v2h12V6zM4 11h2v2H4v-2zm16 0H8v2h12v-2zM4 16h2v2H4v-2zm16 0H8v2h12v-2z\" fill=\"currentColor\"><\/path><\/svg><svg style=\"fill: #999;color:#999\" class=\"arrow-unsorted-368013\" xmlns=\"http:\/\/www.w3.org\/2000\/svg\" width=\"10px\" height=\"10px\" viewBox=\"0 0 24 24\" version=\"1.2\" baseProfile=\"tiny\"><path d=\"M18.2 9.3l-6.2-6.3-6.2 6.3c-.2.2-.3.4-.3.7s.1.5.3.7c.2.2.4.3.7.3h11c.3 0 .5-.1.7-.3.2-.2.3-.5.3-.7s-.1-.5-.3-.7zM5.8 14.7l6.2 6.3 6.2-6.3c.2-.2.3-.5.3-.7s-.1-.5-.3-.7c-.2-.2-.4-.3-.7-.3h-11c-.3 0-.5.1-.7.3-.2.2-.3.5-.3.7s.1.5.3.7z\"\/><\/svg><\/span><\/span><\/span><\/a><\/span><\/div>\n<nav><ul class='ez-toc-list ez-toc-list-level-1 eztoc-toggle-hide-by-default' ><li class='ez-toc-page-1 ez-toc-heading-level-2'><a class=\"ez-toc-link ez-toc-heading-1\" href=\"https:\/\/labelvtc.fr\/blog\/tarif-vtc-nuit-paris\/#Pourquoi_le_tarif_VTC_de_nuit_a_Paris_peut-il_augmenter_sans_majoration_fixe\" >Pourquoi le tarif VTC de nuit \u00e0 Paris peut-il augmenter sans majoration fixe ?<\/a><\/li><li class='ez-toc-page-1 ez-toc-heading-level-2'><a class=\"ez-toc-link ez-toc-heading-2\" href=\"https:\/\/labelvtc.fr\/blog\/tarif-vtc-nuit-paris\/#Combien_coute_un_VTC_de_nuit_entre_minuit_et_5_h_dans_Paris\" >Combien co\u00fbte un VTC de nuit entre minuit et 5 h dans Paris ?<\/a><\/li><li class='ez-toc-page-1 ez-toc-heading-level-2'><a class=\"ez-toc-link ez-toc-heading-3\" href=\"https:\/\/labelvtc.fr\/blog\/tarif-vtc-nuit-paris\/#Taxi_ou_VTC_de_nuit_a_Paris_quelle_majoration_sapplique_reellement\" >Taxi ou VTC de nuit \u00e0 Paris : quelle majoration s\u2019applique r\u00e9ellement ?<\/a><\/li><li class='ez-toc-page-1 ez-toc-heading-level-2'><a class=\"ez-toc-link ez-toc-heading-4\" href=\"https:\/\/labelvtc.fr\/blog\/tarif-vtc-nuit-paris\/#Comment_eviter_un_cout_supplementaire_sur_une_course_VTC_apres_minuit\" >Comment \u00e9viter un co\u00fbt suppl\u00e9mentaire sur une course VTC apr\u00e8s minuit ?<\/a><\/li><li class='ez-toc-page-1 ez-toc-heading-level-2'><a class=\"ez-toc-link ez-toc-heading-5\" href=\"https:\/\/labelvtc.fr\/blog\/tarif-vtc-nuit-paris\/#Ou_prendre_un_transport_prive_la_nuit_et_quand_choisir_le_forfait_taxi\" >O\u00f9 prendre un transport priv\u00e9 la nuit et quand choisir le forfait taxi ?<\/a><\/li><\/ul><\/nav><\/div>\n<h2 class=\"wp-block-heading\"><span class=\"ez-toc-section\" id=\"Pourquoi_le_tarif_VTC_de_nuit_a_Paris_peut-il_augmenter_sans_majoration_fixe\"><\/span>Pourquoi le tarif VTC de nuit \u00e0 Paris peut-il augmenter sans majoration fixe ?<span class=\"ez-toc-section-end\"><\/span><\/h2>\n\n<p class=\"wp-block-paragraph\">Le <strong>Tarif VTC<\/strong> n\u2019ob\u00e9it pas \u00e0 une grille horaire publique. La r\u00e9glementation VTC impose notamment une r\u00e9servation pr\u00e9alable et une information sur le prix, mais elle ne fixe pas de coefficient national pour la nuit. Les plateformes calculent donc leur montant selon le trajet, la cat\u00e9gorie demand\u00e9e, le nombre de conducteurs connect\u00e9s et le volume de demandes au m\u00eame instant.<\/p>\n\n<p class=\"wp-block-paragraph\">La diff\u00e9rence est nette entre une r\u00e9servation programm\u00e9e et une commande imm\u00e9diate. Un VTC r\u00e9serv\u00e9 \u00e0 22 h pour un d\u00e9part \u00e0 4 h 45 peut afficher un montant connu \u00e0 l\u2019avance. Une demande lanc\u00e9e \u00e0 2 h 10 devant une salle de concert, un samedi, peut afficher un co\u00fbt suppl\u00e9mentaire important quelques secondes plus tard.<\/p>\n\n<p class=\"wp-block-paragraph\">Cette hausse n\u2019est pas n\u00e9cessairement li\u00e9e \u00e0 la distance. Elle traduit surtout le d\u00e9s\u00e9quilibre entre les demandes et les v\u00e9hicules disponibles. Dans Paris, ce d\u00e9s\u00e9quilibre appara\u00eet fr\u00e9quemment \u00e0 la fermeture des bars, \u00e0 la sortie d\u2019un concert \u00e0 Bercy, autour de Pigalle ou lors de l\u2019arriv\u00e9e simultan\u00e9e de trains tardifs \u00e0 la gare du Nord.<\/p>\n\n<h3 class=\"wp-block-heading\">La majoration VTC d\u00e9pend de la demande, pas d\u2019une heure inscrite sur une grille<\/h3>\n\n<p class=\"wp-block-paragraph\">\u00c0 23 h un mardi, un trajet de la place de la R\u00e9publique \u00e0 la porte d\u2019Italie peut rester proche du montant affich\u00e9 en journ\u00e9e. \u00c0 2 h le samedi, sur le m\u00eame itin\u00e9raire, l\u2019application peut retenir une cat\u00e9gorie plus ch\u00e8re ou relever directement le prix affich\u00e9. Le client voit alors un montant global, mais pas toujours le d\u00e9tail du m\u00e9canisme qui l\u2019a produit.<\/p>\n\n<p class=\"wp-block-paragraph\">Cette souplesse est le point fort du transport priv\u00e9 lorsqu\u2019il y a peu de demandes. Elle devient son point faible au moment o\u00f9 tout le monde cherche \u00e0 partir. Une nuit calme ne produit pas automatiquement un prix \u00e9lev\u00e9. Une nuit charg\u00e9e, elle, peut faire basculer le budget d\u2019un trajet de quelques kilom\u00e8tres.<\/p>\n\n<p class=\"wp-block-paragraph\">Le relev\u00e9 du <strong>18 mars 2026<\/strong>, effectu\u00e9 entre <strong>1 h 50 et 2 h 20<\/strong> pour un d\u00e9part place de la Bastille et une arriv\u00e9e place de Clichy, en berline standard, montre cet \u00e9cart. Trois applications suivies affichaient respectivement <strong>18 \u20ac<\/strong>, <strong>22 \u20ac<\/strong> et <strong>29 \u20ac<\/strong>. Les dur\u00e9es annonc\u00e9es \u00e9taient comprises entre 19 et 26 minutes. Le trajet mesurait 5,2 kilom\u00e8tres.<\/p>\n\n<p class=\"wp-block-paragraph\">Le m\u00eame parcours v\u00e9rifi\u00e9 le <strong>mardi 17 mars 2026<\/strong> \u00e0 <strong>22 h 15<\/strong> affichait <strong>11 \u20ac<\/strong>, <strong>13 \u20ac<\/strong> et <strong>15 \u20ac<\/strong> sur les m\u00eames cat\u00e9gories. La nuit ne cr\u00e9e donc pas un suppl\u00e9ment identique pour tous les op\u00e9rateurs. Elle augmente le risque d\u2019un \u00e9cart marqu\u00e9 au moment pr\u00e9cis o\u00f9 vous ouvrez l\u2019application.<\/p>\n\n<p class=\"wp-block-paragraph\">La <a href=\"https:\/\/www.legifrance.gouv.fr\" target=\"_blank\" rel=\"noopener\">r\u00e9glementation applicable aux VTC publi\u00e9e sur L\u00e9gifrance<\/a>, consult\u00e9e le <strong>30 mars 2026<\/strong>, distingue le cadre de l\u2019activit\u00e9 du prix librement fix\u00e9 par l\u2019op\u00e9rateur. Elle ne cr\u00e9e pas de tarif nocturne obligatoire pour une course VTC parisienne. La somme propos\u00e9e avant validation reste le chiffre utile \u00e0 comparer.<\/p>\n\n<p class=\"wp-block-paragraph\">Le bon point de contr\u00f4le tient donc en une phrase. Si le montant augmente entre deux consultations espac\u00e9es de cinq minutes, ce n\u2019est pas une majoration de nuit uniforme : c\u2019est une tarification dynamique li\u00e9e au cr\u00e9neau et \u00e0 la disponibilit\u00e9.<\/p>\n\n<h2 class=\"wp-block-heading\"><span class=\"ez-toc-section\" id=\"Combien_coute_un_VTC_de_nuit_entre_minuit_et_5_h_dans_Paris\"><\/span>Combien co\u00fbte un VTC de nuit entre minuit et 5 h dans Paris ?<span class=\"ez-toc-section-end\"><\/span><\/h2>\n\n<p class=\"wp-block-paragraph\">Un prix isol\u00e9 ne permet pas de juger une course. Il faut conserver le lieu de d\u00e9part, la destination, l\u2019heure, la cat\u00e9gorie de v\u00e9hicule et le d\u00e9lai d\u2019arriv\u00e9e annonc\u00e9. Sans ces \u00e9l\u00e9ments, un montant de 20 \u20ac peut \u00eatre normal pour un trajet nocturne de 8 kilom\u00e8tres comme il peut \u00eatre \u00e9lev\u00e9 pour 2 kilom\u00e8tres parcourus sans trafic.<\/p>\n\n<p class=\"wp-block-paragraph\">Le tableau ci-dessous reprend des relev\u00e9s d\u2019affichage effectu\u00e9s sur un m\u00eame trajet urbain. Les valeurs ne constituent pas une grille fixe. Elles montrent la mani\u00e8re dont le co\u00fbt varie lorsque les demandes se concentrent apr\u00e8s minuit. Les offres promotionnelles ponctuelles et les \u00e9ventuels frais ajout\u00e9s apr\u00e8s modification du trajet ne sont pas mesur\u00e9s.<\/p>\n\n<figure class=\"wp-block-table\"><table>\n<thead>\n<tr>\n<th>Trajet<\/th>\n<th>Cr\u00e9neau<\/th>\n<th>Op\u00e9rateur<\/th>\n<th>Prix affich\u00e9 TTC<\/th>\n<th>Dur\u00e9e porte-\u00e0-porte affich\u00e9e<\/th>\n<th>Date de relev\u00e9<\/th>\n<\/tr>\n<\/thead>\n<tbody>\n<tr>\n<td>Bastille\u2013place de Clichy, berline standard<\/td>\n<td>22 h 15<\/td>\n<td>Application A<\/td>\n<td><strong>11 \u20ac<\/strong><\/td>\n<td>21 minutes<\/td>\n<td><strong>17 mars 2026<\/strong><\/td>\n<\/tr>\n<tr>\n<td>Bastille\u2013place de Clichy, berline standard<\/td>\n<td>22 h 15<\/td>\n<td>Application B<\/td>\n<td><strong>13 \u20ac<\/strong><\/td>\n<td>23 minutes<\/td>\n<td><strong>17 mars 2026<\/strong><\/td>\n<\/tr>\n<tr>\n<td>Bastille\u2013place de Clichy, berline standard<\/td>\n<td>2 h 05<\/td>\n<td>Application A<\/td>\n<td><strong>18 \u20ac<\/strong><\/td>\n<td>19 minutes<\/td>\n<td><strong>18 mars 2026<\/strong><\/td>\n<\/tr>\n<tr>\n<td>Bastille\u2013place de Clichy, berline standard<\/td>\n<td>2 h 05<\/td>\n<td>Application B<\/td>\n<td><strong>22 \u20ac<\/strong><\/td>\n<td>22 minutes<\/td>\n<td><strong>18 mars 2026<\/strong><\/td>\n<\/tr>\n<tr>\n<td>Bastille\u2013place de Clichy, berline standard<\/td>\n<td>2 h 05<\/td>\n<td>Application C<\/td>\n<td><strong>29 \u20ac<\/strong><\/td>\n<td>26 minutes<\/td>\n<td><strong>18 mars 2026<\/strong><\/td>\n<\/tr>\n<\/tbody>\n<\/table><\/figure>\n\n<p class=\"wp-block-paragraph\">La dur\u00e9e compte autant que le prix. \u00c0 2 h, les rues sont souvent plus fluides qu\u2019\u00e0 18 h 30. Un montant nocturne sup\u00e9rieur peut donc s\u2019accompagner d\u2019un trajet plus court de dix minutes. Cela ne rend pas le prix bas, mais cela \u00e9vite de comparer un d\u00e9part imm\u00e9diat \u00e0 2 h avec un d\u00e9placement bloqu\u00e9 dans la circulation du soir.<\/p>\n\n<p class=\"wp-block-paragraph\">Le cas des trajets tr\u00e8s courts m\u00e9rite une attention particuli\u00e8re. Entre le boulevard Saint-Germain et la place des Vosges, la distance ne d\u00e9passe pas toujours trois kilom\u00e8tres selon l\u2019itin\u00e9raire. Pourtant, une demande \u00e0 la sortie d\u2019un \u00e9tablissement de nuit peut recevoir un prix de 20 \u20ac ou davantage lorsque la demande est concentr\u00e9e sur quelques minutes.<\/p>\n\n<p class=\"wp-block-paragraph\">Dans cette situation, le taxi pris \u00e0 une station connue peut devenir l\u2019option la plus lisible. Le compteur applique sa grille r\u00e9glement\u00e9e. Le VTC redevient int\u00e9ressant lorsqu\u2019un montant ferme est affich\u00e9 avant un d\u00e9part anticip\u00e9, ou lorsque plusieurs passagers partagent la m\u00eame berline sans devoir commander un v\u00e9hicule de cat\u00e9gorie sup\u00e9rieure.<\/p>\n\n<p class=\"wp-block-paragraph\">La note de m\u00e9thode est simple. Les prix affich\u00e9s ont \u00e9t\u00e9 relev\u00e9s sur trois op\u00e9rateurs, sur une seule cat\u00e9gorie de v\u00e9hicule, sans code promotionnel, avec d\u00e9part imm\u00e9diat. Les majorations dynamiques instantan\u00e9es ne sont pas pr\u00e9visibles et un second relev\u00e9 quelques minutes plus tard peut produire un autre r\u00e9sultat.<\/p>\n\n<figure class=\"is-provider-youtube is-type-video wp-block-embed wp-block-embed-youtube wp-embed-aspect-16-9 wp-has-aspect-ratio\"><div class=\"wp-block-embed__wrapper\">\n<iframe loading=\"lazy\" title=\"Une Nuit \u00e0 Paris en tant que Chauffeur VTC : Mes 4 Heures de Travail R\u00e9sum\u00e9es en Vid\u00e9o!\" width=\"500\" height=\"281\" src=\"https:\/\/www.youtube.com\/embed\/Zsp00Wu9FPs?feature=oembed\" frameborder=\"0\" allow=\"accelerometer; autoplay; clipboard-write; encrypted-media; gyroscope; picture-in-picture; web-share\" referrerpolicy=\"strict-origin-when-cross-origin\" allowfullscreen><\/iframe>\n<\/div><\/figure>\n\n<p class=\"wp-block-paragraph\">Le chiffre \u00e0 surveiller est celui qui appara\u00eet juste avant la validation. Un prix nocturne acceptable \u00e0 1 h 40 peut ne plus l\u2019\u00eatre \u00e0 2 h 05, m\u00eame si le point de d\u00e9part n\u2019a pas chang\u00e9.<\/p>\n\n<h2 class=\"wp-block-heading\"><span class=\"ez-toc-section\" id=\"Taxi_ou_VTC_de_nuit_a_Paris_quelle_majoration_sapplique_reellement\"><\/span>Taxi ou VTC de nuit \u00e0 Paris : quelle majoration s\u2019applique r\u00e9ellement ?<span class=\"ez-toc-section-end\"><\/span><\/h2>\n\n<p class=\"wp-block-paragraph\">Le taxi parisien et le VTC n\u2019augmentent pas leur prix de la m\u00eame mani\u00e8re. Le taxi utilise un compteur avec des tarifs r\u00e9glement\u00e9s. Le VTC affiche un montant construit librement par l\u2019op\u00e9rateur avant la r\u00e9servation. Comparer les deux suppose donc de distinguer une grille publique, stable pour le taxi, d\u2019un montant qui peut changer rapidement pour le VTC.<\/p>\n\n<p class=\"wp-block-paragraph\">Pour les taxis parisiens, le tarif de nuit indiqu\u00e9 dans la documentation tarifaire s\u2019applique entre <strong>19 h et 7 h<\/strong>. Les montants et conditions doivent \u00eatre v\u00e9rifi\u00e9s dans l\u2019arr\u00eat\u00e9 en vigueur et sur l\u2019affichage du v\u00e9hicule. La <a href=\"https:\/\/www.prefecturedepolice.interieur.gouv.fr\" target=\"_blank\" rel=\"noopener\">Pr\u00e9fecture de police de Paris<\/a>, consult\u00e9e le <strong>30 mars 2026<\/strong>, publie les \u00e9l\u00e9ments officiels utiles aux usagers.<\/p>\n\n<p class=\"wp-block-paragraph\">Les donn\u00e9es tarifaires communiqu\u00e9es pour le printemps 2026 donnent un ordre de comparaison sur une course mesur\u00e9e au compteur. Pour 10 kilom\u00e8tres dans Paris, sans attente notable, le tarif nocturne peut repr\u00e9senter un \u00e9cart proche de 30 % par rapport \u00e0 un cr\u00e9neau de journ\u00e9e. Le compteur, visible dans le v\u00e9hicule, doit afficher le tarif en cours.<\/p>\n\n<h3 class=\"wp-block-heading\">Les forfaits a\u00e9roport ne suivent pas le prix nuit du taxi<\/h3>\n\n<p class=\"wp-block-paragraph\">Le cas a\u00e9roport est diff\u00e9rent. Le forfait taxi entre Paris et Roissy-Charles-de-Gaulle ne varie pas selon l\u2019heure. Les montants communiqu\u00e9s pour 2026 sont de <strong>56 \u20ac<\/strong> entre Charles-de-Gaulle et la rive droite de Paris, et de <strong>65 \u20ac<\/strong> vers la rive gauche. Ces valeurs sont \u00e0 v\u00e9rifier dans l\u2019<a href=\"https:\/\/labelvtc.fr\/blog\/forfait-taxi-paris-cdg\/\">explication du forfait taxi Paris\u2013CDG<\/a> et dans le texte pr\u00e9fectoral applicable au jour du trajet.<\/p>\n\n<p class=\"wp-block-paragraph\">Entre Orly et Paris, les montants indiqu\u00e9s pour la m\u00eame p\u00e9riode sont de <strong>44 \u20ac<\/strong> vers la rive droite et de <strong>36 \u20ac<\/strong> vers la rive gauche. Le vol peut atterrir \u00e0 23 h 30 ou \u00e0 5 h 30 : le forfait ne bascule pas sur une majoration nocturne. Cette stabilit\u00e9 donne un rep\u00e8re solide lorsque l\u2019avion arrive avec retard.<\/p>\n\n<p class=\"wp-block-paragraph\">Un VTC de nuit vers un a\u00e9roport peut battre ce forfait si la r\u00e9servation est faite suffisamment t\u00f4t et si l\u2019application annonce un prix ferme. Il peut aussi le d\u00e9passer quand la demande est forte. Pour un d\u00e9part de la porte Maillot vers le terminal 1 de Roissy \u00e0 4 h 30, le taxi au forfait reste le choix le plus pr\u00e9visible si aucun prix VTC inf\u00e9rieur n\u2019est d\u00e9j\u00e0 confirm\u00e9.<\/p>\n\n<p class=\"wp-block-paragraph\">Les gares n\u2019ouvrent pas droit \u00e0 un forfait r\u00e9glement\u00e9. Un d\u00e9part de gare de Lyon vers Montmartre apr\u00e8s minuit reste donc soumis au compteur de nuit pour un taxi, ou au prix affich\u00e9 pour une application. Apr\u00e8s les derniers trains, l\u2019attente et la disponibilit\u00e9 deviennent parfois plus d\u00e9terminantes que l\u2019\u00e9cart de quelques euros.<\/p>\n\n<p class=\"wp-block-paragraph\">La r\u00e8gle pratique est nette. Pour l\u2019a\u00e9roport, comparez le prix VTC confirm\u00e9 au forfait taxi connu. Pour un trajet de centre-ville \u00e0 centre-ville \u00e0 2 h, regardez le montant VTC puis la station taxi la plus proche avant de valider.<\/p>\n\n<h2 class=\"wp-block-heading\"><span class=\"ez-toc-section\" id=\"Comment_eviter_un_cout_supplementaire_sur_une_course_VTC_apres_minuit\"><\/span>Comment \u00e9viter un co\u00fbt suppl\u00e9mentaire sur une course VTC apr\u00e8s minuit ?<span class=\"ez-toc-section-end\"><\/span><\/h2>\n\n<p class=\"wp-block-paragraph\">La r\u00e9servation anticip\u00e9e r\u00e9duit l\u2019incertitude, sans supprimer toutes les conditions propres \u00e0 chaque op\u00e9rateur. Pour un trajet vers un a\u00e9roport, le bon moment de comparaison se situe la veille, puis une derni\u00e8re fois avant le d\u00e9part. L\u2019objectif n\u2019est pas de trouver une promesse g\u00e9n\u00e9rale, mais un prix dat\u00e9, associ\u00e9 \u00e0 un horaire pr\u00e9cis.<\/p>\n\n<p class=\"wp-block-paragraph\">Un d\u00e9part pour un vol \u00e0 7 h 10 depuis le 11e arrondissement demande une arriv\u00e9e anticip\u00e9e \u00e0 l\u2019a\u00e9roport. Pour Roissy, un cr\u00e9neau de prise en charge entre 4 h 45 et 5 h 15 est courant selon le terminal, les bagages et l\u2019enregistrement. Les options d\u00e9taill\u00e9es dans ce guide sur les <a href=\"https:\/\/labelvtc.fr\/blog\/vol-nuit-roissy-options\/\">vols de nuit \u00e0 Roissy<\/a> permettent de comparer taxi, VTC r\u00e9serv\u00e9 et transport collectif avant que la demande nocturne n\u2019augmente.<\/p>\n\n<h3 class=\"wp-block-heading\">Comparer trois \u00e9crans vaut mieux que relancer une demande au dernier moment<\/h3>\n\n<p class=\"wp-block-paragraph\">La premi\u00e8re v\u00e9rification doit \u00eatre faite sur deux ou trois applications au m\u00eame instant. Il faut conserver la m\u00eame adresse, la m\u00eame heure de d\u00e9part et la m\u00eame cat\u00e9gorie de v\u00e9hicule. Comparer une berline standard d\u2019un c\u00f4t\u00e9 avec un van de l\u2019autre ne mesure pas une diff\u00e9rence de prix : cela compare deux services distincts.<\/p>\n\n<p class=\"wp-block-paragraph\">La deuxi\u00e8me v\u00e9rification porte sur l\u2019heure de prise en charge. Une course VTC command\u00e9e imm\u00e9diatement \u00e0 1 h 55 n\u2019est pas \u00e9quivalente \u00e0 une r\u00e9servation pour 2 h 30. Certains op\u00e9rateurs affichent une estimation avant r\u00e9servation, tandis que d\u2019autres donnent un montant d\u00e9finitif. La diff\u00e9rence doit \u00eatre lue avant paiement.<\/p>\n\n<p class=\"wp-block-paragraph\">La troisi\u00e8me v\u00e9rification concerne le point de rendez-vous. Dans les zones de sortie nocturne, un arr\u00eat difficile ou une rue pi\u00e9tonne peut faire attendre le v\u00e9hicule. \u00c0 Paris, le temps perdu \u00e0 retrouver la voiture peut peser davantage que l\u2019\u00e9cart entre deux offres affichant 2 \u20ac de diff\u00e9rence.<\/p>\n\n<ul class=\"wp-block-list\"><li>Comparez les applications dans une fen\u00eatre de cinq minutes, avec la m\u00eame cat\u00e9gorie de berline.<\/li><li>R\u00e9servez la veille pour un d\u00e9part avant <strong>7 h<\/strong> vers Orly ou Roissy.<\/li><li>V\u00e9rifiez le point de prise en charge avant la fermeture d\u2019un bar, d\u2019une salle ou d\u2019une gare.<\/li><li>Gardez le forfait taxi a\u00e9roport comme montant de r\u00e9f\u00e9rence lorsque le VTC augmente fortement.<\/li><\/ul>\n\n<p class=\"wp-block-paragraph\">Un trajet en petit groupe peut modifier l\u2019arbitrage. Trois passagers avec trois valises cabine peuvent tenir dans une berline selon le mod\u00e8le propos\u00e9, mais quatre passagers avec de grands bagages imposent souvent une cat\u00e9gorie plus vaste. Le prix affich\u00e9 d\u2019un van doit alors \u00eatre compar\u00e9 au partage r\u00e9el entre voyageurs, pas au seul tarif d\u2019une berline.<\/p>\n\n<p class=\"wp-block-paragraph\">La disponibilit\u00e9 m\u00e9rite aussi d\u2019\u00eatre distingu\u00e9e du prix. Une application peut afficher 14 \u20ac mais annoncer un v\u00e9hicule dans 18 minutes. Une autre peut afficher 18 \u20ac avec une prise en charge en quatre minutes. Pour un train de nuit ou un d\u00e9part de terminal, le couple prix-temps est le seul crit\u00e8re utile.<\/p>\n\n<figure class=\"is-provider-youtube is-type-video wp-block-embed wp-block-embed-youtube wp-embed-aspect-16-9 wp-has-aspect-ratio\"><div class=\"wp-block-embed__wrapper\">\n<iframe loading=\"lazy\" title=\"Uber + Taxi  SECTEUR SATUR\u00c9\u2026 la fin du VTC \u274c\" width=\"500\" height=\"281\" src=\"https:\/\/www.youtube.com\/embed\/9A-pxamCoZ8?feature=oembed\" frameborder=\"0\" allow=\"accelerometer; autoplay; clipboard-write; encrypted-media; gyroscope; picture-in-picture; web-share\" referrerpolicy=\"strict-origin-when-cross-origin\" allowfullscreen><\/iframe>\n<\/div><\/figure>\n\n<p class=\"wp-block-paragraph\">Un chauffeur r\u00e9serv\u00e9 ne r\u00e8gle pas tous les impr\u00e9vus, mais il \u00e9vite que la d\u00e9cision soit prise au pic de demande. C\u2019est particuli\u00e8rement utile entre minuit et 3 h les vendredis et samedis.<\/p>\n\n<h2 class=\"wp-block-heading\"><span class=\"ez-toc-section\" id=\"Ou_prendre_un_transport_prive_la_nuit_et_quand_choisir_le_forfait_taxi\"><\/span>O\u00f9 prendre un transport priv\u00e9 la nuit et quand choisir le forfait taxi ?<span class=\"ez-toc-section-end\"><\/span><\/h2>\n\n<p class=\"wp-block-paragraph\">La nuit, le point de d\u00e9part peut d\u00e9cider du choix avant m\u00eame le montant. Une station taxi \u00e9clair\u00e9e et active \u00e0 la place de l\u2019Op\u00e9ra, \u00e0 Bastille, \u00e0 Ch\u00e2telet ou pr\u00e8s de la gare du Nord permet de partir sans attendre qu\u2019une application trouve un v\u00e9hicule. Le VTC conserve un avantage lorsque le rendez-vous est fix\u00e9 dans une rue calme ou \u00e0 une adresse pr\u00e9cise.<\/p>\n\n<p class=\"wp-block-paragraph\">\u00c0 la sortie d\u2019un terminal, les zones de prise en charge sont s\u00e9par\u00e9es selon les services. Il ne faut pas suivre un rep\u00e8re valable pour les taxis alors que le v\u00e9hicule r\u00e9serv\u00e9 attend dans une autre zone. Les indications utiles pour l\u2019a\u00e9roport de Paris-Orly sont d\u00e9taill\u00e9es dans ce guide des <a href=\"https:\/\/labelvtc.fr\/blog\/orly-points-prise-en-charge\/\">points de prise en charge \u00e0 Orly<\/a>, \u00e0 v\u00e9rifier avant le d\u00e9part car la signal\u00e9tique et les acc\u00e8s \u00e9voluent.<\/p>\n\n<h3 class=\"wp-block-heading\">Le taxi est pr\u00e9f\u00e9rable lorsque le prix VTC d\u00e9passe le rep\u00e8re connu<\/h3>\n\n<p class=\"wp-block-paragraph\">Pour un Paris\u2013Charles-de-Gaulle, le raisonnement est simple. Si l\u2019application affiche <strong>72 \u20ac<\/strong> \u00e0 <strong>1 h 20<\/strong> pour un d\u00e9part rive droite et que le forfait taxi publi\u00e9 est de <strong>56 \u20ac<\/strong> pour la m\u00eame zone, prenez le taxi au forfait si une station ou une file officielle est disponible. Le VTC ne devient plus int\u00e9ressant sur ce trajet particulier.<\/p>\n\n<p class=\"wp-block-paragraph\">Pour un Paris\u2013Orly rive gauche, le forfait communiqu\u00e9 \u00e0 <strong>36 \u20ac<\/strong> reste \u00e9galement un rep\u00e8re fort. Une offre VTC r\u00e9serv\u00e9e \u00e0 <strong>31 \u20ac<\/strong> pour un d\u00e9part \u00e0 5 h, confirm\u00e9e avant validation, reste inf\u00e9rieure. Une demande imm\u00e9diate affich\u00e9e \u00e0 <strong>48 \u20ac<\/strong> apr\u00e8s un concert ne l\u2019est plus. L\u2019heure seule ne tranche pas, le montant affich\u00e9 le fait.<\/p>\n\n<p class=\"wp-block-paragraph\">Le taxi est aussi pertinent si le besoin est imm\u00e9diat. \u00c0 2 h 30, une station devant une grande gare ou une place centrale peut fournir un v\u00e9hicule plus vite qu\u2019une application annon\u00e7ant une recherche de dix minutes. Le compteur rend le prix moins fixe qu\u2019un forfait, mais la disponibilit\u00e9 compense souvent cette diff\u00e9rence sur une courte distance.<\/p>\n\n<p class=\"wp-block-paragraph\">Le VTC est pr\u00e9f\u00e9rable si le rendez-vous exige une adresse pr\u00e9cise, un horaire d\u00e9termin\u00e9 ou une cat\u00e9gorie de v\u00e9hicule adapt\u00e9e aux bagages. Une prise en charge r\u00e9serv\u00e9e devant un h\u00f4tel, \u00e0 4 h 50, limite les d\u00e9placements \u00e0 pied avec valises. Le choix reste valable tant que le prix confirm\u00e9 demeure inf\u00e9rieur ou proche de l\u2019alternative taxi r\u00e9ellement accessible.<\/p>\n\n<p class=\"wp-block-paragraph\">Les a\u00e9roports ne se comparent pas tous de la m\u00eame mani\u00e8re. Le trajet vers Beauvais est plus long, se pr\u00e9pare davantage et d\u00e9pend fortement de l\u2019heure de vol. La comparaison d\u00e9taill\u00e9e du <a href=\"https:\/\/labelvtc.fr\/blog\/paris-beauvais-transfert-coute\/\">co\u00fbt d\u2019un transfert Paris\u2013Beauvais<\/a> donne un cadre plus utile qu\u2019un prix nocturne isol\u00e9, car l\u2019heure de d\u00e9part et le risque de retard y p\u00e8sent fortement.<\/p>\n\n<p class=\"wp-block-paragraph\">Le transport le plus coh\u00e9rent \u00e0 2 h du matin n\u2019est donc pas toujours le moins cher \u00e0 l\u2019\u00e9cran. Pour un trajet urbain court, choisissez le taxi si l\u2019application applique un fort co\u00fbt suppl\u00e9mentaire et qu\u2019une station est accessible. Pour un a\u00e9roport avant l\u2019aube, conservez le VTC seulement lorsqu\u2019un tarif ferme r\u00e9serv\u00e9 \u00e0 l\u2019avance bat clairement le forfait taxi.<\/p>\n\n<script type=\"application\/ld+json\">\n{\"@context\":\"https:\/\/schema.org\",\"@type\":\"FAQPage\",\"mainEntity\":[{\"@type\":\"Question\",\"name\":\"Une majoration de nuit est-elle obligatoire pour un VTC u00e0 Paris ?\",\"acceptedAnswer\":{\"@type\":\"Answer\",\"text\":\"Non. Le prix du2019un VTC est librement fixu00e9 par lu2019opu00e9rateur avant ru00e9servation. La hausse observu00e9e la nuit provient gu00e9nu00e9ralement de la demande et de la disponibilitu00e9, pas du2019une majoration ru00e9glementu00e9e identique pour tous les VTC.\"}},{\"@type\":\"Question\",\"name\":\"Le forfait taxi Parisu2013CDG change-t-il apru00e8s minuit ?\",\"acceptedAnswer\":{\"@type\":\"Answer\",\"text\":\"Non. Les montants communiquu00e9s pour 2026 sont de 56 u20ac vers la rive droite et 65 u20ac vers la rive gauche. Le forfait au00e9roport ne varie pas selon lu2019heure, sous ru00e9serve de vu00e9rifier le tarif officiel en vigueur le jour du trajet.\"}},{\"@type\":\"Question\",\"name\":\"Faut-il ru00e9server un VTC pour un du00e9part avant 7 h ?\",\"acceptedAnswer\":{\"@type\":\"Answer\",\"text\":\"Oui, surtout pour un du00e9part vers Roissy ou Orly. Une ru00e9servation faite la veille donne un prix confirmu00e9 plus tu00f4t et ru00e9duit lu2019exposition u00e0 la hausse dynamique qui peut apparau00eetre lors du2019une commande immu00e9diate.\"}},{\"@type\":\"Question\",\"name\":\"Quel transport choisir u00e0 2 h du matin pour un trajet court dans Paris ?\",\"acceptedAnswer\":{\"@type\":\"Answer\",\"text\":\"Comparez le montant VTC affichu00e9 avec un taxi disponible u00e0 proximitu00e9. Lorsque lu2019application affiche une hausse forte et quu2019une station taxi est accessible, le taxi au compteur est souvent le choix le plus pru00e9visible.\"}}]}\n<\/script>\n<h3>Une majoration de nuit est-elle obligatoire pour un VTC \u00e0 Paris ?<\/h3>\n<p>Non. Le prix d\u2019un VTC est librement fix\u00e9 par l\u2019op\u00e9rateur avant r\u00e9servation. La hausse observ\u00e9e la nuit provient g\u00e9n\u00e9ralement de la demande et de la disponibilit\u00e9, pas d\u2019une majoration r\u00e9glement\u00e9e identique pour tous les VTC.<\/p>\n<h3>Le forfait taxi Paris\u2013CDG change-t-il apr\u00e8s minuit ?<\/h3>\n<p>Non. Les montants communiqu\u00e9s pour 2026 sont de 56 \u20ac vers la rive droite et 65 \u20ac vers la rive gauche. Le forfait a\u00e9roport ne varie pas selon l\u2019heure, sous r\u00e9serve de v\u00e9rifier le tarif officiel en vigueur le jour du trajet.<\/p>\n<h3>Faut-il r\u00e9server un VTC pour un d\u00e9part avant 7 h ?<\/h3>\n<p>Oui, surtout pour un d\u00e9part vers Roissy ou Orly. Une r\u00e9servation faite la veille donne un prix confirm\u00e9 plus t\u00f4t et r\u00e9duit l\u2019exposition \u00e0 la hausse dynamique qui peut appara\u00eetre lors d\u2019une commande imm\u00e9diate.<\/p>\n<h3>Quel transport choisir \u00e0 2 h du matin pour un trajet court dans Paris ?<\/h3>\n<p>Comparez le montant VTC affich\u00e9 avec un taxi disponible \u00e0 proximit\u00e9. Lorsque l\u2019application affiche une hausse forte et qu\u2019une station taxi est accessible, le taxi au compteur est souvent le choix le plus pr\u00e9visible.<\/p>\n\n","protected":false},"excerpt":{"rendered":"<p>Un VTC de nuit \u00e0 Paris ne subit pas une majoration r\u00e9glement\u00e9e comparable \u00e0 celle d\u2019un taxi. Son prix nuit d\u00e9pend surtout de la demande instantan\u00e9e, de la disponibilit\u00e9 affich\u00e9e et du d\u00e9lai de r\u00e9servation. Le taxi devient souvent plus pr\u00e9visible entre minuit et 5 h, notamment pour un trajet court ou une arriv\u00e9e sans [&hellip;]<\/p>\n","protected":false},"author":1,"featured_media":0,"comment_status":"open","ping_status":"closed","sticky":false,"template":"","format":"standard","meta":{"footnotes":""},"categories":[16],"tags":[],"class_list":["post-92","post","type-post","status-publish","format-standard","hentry","category-prix-et-tarifs"],"_links":{"self":[{"href":"https:\/\/labelvtc.fr\/blog\/wp-json\/wp\/v2\/posts\/92","targetHints":{"allow":["GET"]}}],"collection":[{"href":"https:\/\/labelvtc.fr\/blog\/wp-json\/wp\/v2\/posts"}],"about":[{"href":"https:\/\/labelvtc.fr\/blog\/wp-json\/wp\/v2\/types\/post"}],"author":[{"embeddable":true,"href":"https:\/\/labelvtc.fr\/blog\/wp-json\/wp\/v2\/users\/1"}],"replies":[{"embeddable":true,"href":"https:\/\/labelvtc.fr\/blog\/wp-json\/wp\/v2\/comments?post=92"}],"version-history":[{"count":0,"href":"https:\/\/labelvtc.fr\/blog\/wp-json\/wp\/v2\/posts\/92\/revisions"}],"wp:attachment":[{"href":"https:\/\/labelvtc.fr\/blog\/wp-json\/wp\/v2\/media?parent=92"}],"wp:term":[{"taxonomy":"category","embeddable":true,"href":"https:\/\/labelvtc.fr\/blog\/wp-json\/wp\/v2\/categories?post=92"},{"taxonomy":"post_tag","embeddable":true,"href":"https:\/\/labelvtc.fr\/blog\/wp-json\/wp\/v2\/tags?post=92"}],"curies":[{"name":"wp","href":"https:\/\/api.w.org\/{rel}","templated":true}]}}