{"id":18,"count":0,"description":"\u00c9volution des tarifs r\u00e9glement\u00e9s, ouverture ou fermeture de points de prise en charge, changements d'exploitation a\u00e9roportuaire ou ferroviaire affectant les trajets suivis. Un fait dat\u00e9, une source nomm\u00e9e, et le lien avec le prix ou l'acc\u00e8s explicit\u00e9 d\u00e8s les deux premiers paragraphes.","link":"https:\/\/labelvtc.fr\/blog\/category\/actualites-transport-idf\/","name":"Actualit\u00e9s du transport avec chauffeur en \u00cele-de-France","slug":"actualites-transport-idf","taxonomy":"category","parent":0,"meta":[],"_links":{"self":[{"href":"https:\/\/labelvtc.fr\/blog\/wp-json\/wp\/v2\/categories\/18","targetHints":{"allow":["GET"]}}],"collection":[{"href":"https:\/\/labelvtc.fr\/blog\/wp-json\/wp\/v2\/categories"}],"about":[{"href":"https:\/\/labelvtc.fr\/blog\/wp-json\/wp\/v2\/taxonomies\/category"}],"wp:post_type":[{"href":"https:\/\/labelvtc.fr\/blog\/wp-json\/wp\/v2\/posts?categories=18"}],"curies":[{"name":"wp","href":"https:\/\/api.w.org\/{rel}","templated":true}]}}